{"id":8240,"date":"2019-11-25T12:10:55","date_gmt":"2019-11-25T12:10:55","guid":{"rendered":"https:\/\/www.radiopresidenteibanez.cl\/web\/?p=8240"},"modified":"2019-11-25T12:10:58","modified_gmt":"2019-11-25T12:10:58","slug":"paro-regional-mesa-union-social-magallanes-despierta-por-un-chile-mas-justo-para-todos","status":"publish","type":"post","link":"https:\/\/www.radiopresidenteibanez.cl\/web\/paro-regional-mesa-union-social-magallanes-despierta-por-un-chile-mas-justo-para-todos\/","title":{"rendered":"PARO REGIONAL, MESA UNION SOCIAL MAGALLANES DESPIERTA POR UN CHILE M\u00c1S JUSTO\u2026..PARA TODOS"},"content":{"rendered":"\n<p>Hace un mes atr\u00e1s comenz\u00f3 a gestarse no s\u00f3lo un cambio en\nel pa\u00eds, algo cambi\u00f3 en todos nosotros. Los abusos reiterados, las injusticias,\nla falta de equidad&nbsp; y&nbsp; de oportunidades para todos, nos hizo <strong>despertar <\/strong>y ver que no \u00e9ramos\nprotagonistas de nuestra historia, ni de la historia que queremos dejar a los\nque vienen.<\/p>\n\n\n\n<p>Todos contribuimos de diferentes formas para que la\nsociedad y el pa\u00eds donde vivimos sean&nbsp;\ncada d\u00eda mejor. Aportamos con nuestro trabajo, al pagar nuestras deudas,\ncon nuestros impuestos, al colaborar en el curso de nuestros hijos, en una\njunta de vecinos o en una iglesia. <\/p>\n\n\n\n<p>Hace bastantes a\u00f1os vemos como una elite de privilegiados,\nnos roba, nos humilla con trabajos miserables y no quiere ceder nada para el\nbienestar general.&nbsp; Por a\u00f1os realizamos\nmarchas pac\u00edficas y petitorios al gobierno por equiparar la cancha, por tener\nun <strong>sistema de salud de calidad y que\nresponda a las necesidades de la poblaci\u00f3n m\u00e1s vulnerable<\/strong>, <strong>una educaci\u00f3n que permita a nuestro los\nhijos tener las mismas oportunidades<\/strong>, <strong>sin\nque el dinero sea un impedimento<\/strong>. Sin embargo, esto nunca sucedi\u00f3 y\ncontinuaron sistem\u00e1ticamente los abusos.<\/p>\n\n\n\n<p>La osada acci\u00f3n de unos valientes j\u00f3venes nos despert\u00f3\nbruscamente y nos llev\u00f3 a reflexionar y movilizarnos como sociedad.<\/p>\n\n\n\n<p>Hoy como <strong>funcionarios\np\u00fablicos<\/strong> nos encontramos movilizados, porque somos tambi\u00e9n trabajadores,\npadres y ciudadanos con los mismos problemas que puede tener cualquiera de nuestros\nusuarios. Hemos asumido este desaf\u00edo, con todas las dificultades que ello\nimplica para nuestros usuarios y para nosotros mismos. Hemos recibido la\ncomprensi\u00f3n y el apoyo de muchos, pero tambi\u00e9n queremos decir fuerte y claro\nque <strong>no estamos peleando por demandas\nsectoriales<\/strong>, queremos ser protagonistas de este momento hist\u00f3rico, queremos\nque el pa\u00eds avance, que seamos capaces de abrirles los ojos a las autoridades,\npor todos los que la autoridad ha marginado por a\u00f1os.<\/p>\n\n\n\n<p>Queremos tener mejores pensiones, m\u00e1s educaci\u00f3n, fortalecer\nel sistema de salud p\u00fablica, que es lo que hace grande a las naciones. Para que\n<strong>nadie m\u00e1s muera por no tener una\natenci\u00f3n en salud, esperando por un examen o por un tratamiento.<\/strong><\/p>\n\n\n\n<p><strong>SABEMOS QUE ESTA<\/strong><strong> LUCHA HA TRAIDO MOLESTIAS,\nDOLOR, SACRIFICIOS\u2026 USTED Y YO PODEMOS TENER EL PA\u00cdS QUE SO\u00d1AMOS, MAS JUSTO,\nM\u00c1S DIGNO, SIN ABUSOS. <\/strong><\/p>\n\n\n\n<p><strong>&nbsp;<\/strong>Por esa misma raz\u00f3n\ninvitamos al <strong>SECTOR PRIVADO<\/strong> a unirse\nen esta lucha y no ser un simple espectador\u2026<\/p>\n\n\n\n<p><strong>ESA ES NUESTRA CONVICCI\u00d3N\u2026POR\nESO ESTAMOS MOVILIZADOS.&nbsp;&nbsp; <\/strong><\/p>\n","protected":false},"excerpt":{"rendered":"<p>Hace un mes atr\u00e1s comenz\u00f3 a gestarse no s\u00f3lo un cambio en el pa\u00eds, algo cambi\u00f3 en todos nosotros. Los abusos reiterados, las injusticias, la falta de equidad&nbsp; y&nbsp; de&#8230; <a class=\"read-more\" href=\"https:\/\/www.radiopresidenteibanez.cl\/web\/paro-regional-mesa-union-social-magallanes-despierta-por-un-chile-mas-justo-para-todos\/\">Leer m\u00e1s<\/a><\/p>\n","protected":false},"author":2,"featured_media":740,"comment_status":"closed","ping_status":"closed","sticky":false,"template":"","format":"standard","meta":{"footnotes":""},"categories":[1],"tags":[],"class_list":["post-8240","post","type-post","status-publish","format-standard","has-post-thumbnail","hentry","category-cronica"],"_links":{"self":[{"href":"https:\/\/www.radiopresidenteibanez.cl\/web\/wp-json\/wp\/v2\/posts\/8240","targetHints":{"allow":["GET"]}}],"collection":[{"href":"https:\/\/www.radiopresidenteibanez.cl\/web\/wp-json\/wp\/v2\/posts"}],"about":[{"href":"https:\/\/www.radiopresidenteibanez.cl\/web\/wp-json\/wp\/v2\/types\/post"}],"author":[{"embeddable":true,"href":"https:\/\/www.radiopresidenteibanez.cl\/web\/wp-json\/wp\/v2\/users\/2"}],"replies":[{"embeddable":true,"href":"https:\/\/www.radiopresidenteibanez.cl\/web\/wp-json\/wp\/v2\/comments?post=8240"}],"version-history":[{"count":0,"href":"https:\/\/www.radiopresidenteibanez.cl\/web\/wp-json\/wp\/v2\/posts\/8240\/revisions"}],"wp:featuredmedia":[{"embeddable":true,"href":"https:\/\/www.radiopresidenteibanez.cl\/web\/wp-json\/wp\/v2\/media\/740"}],"wp:attachment":[{"href":"https:\/\/www.radiopresidenteibanez.cl\/web\/wp-json\/wp\/v2\/media?parent=8240"}],"wp:term":[{"taxonomy":"category","embeddable":true,"href":"https:\/\/www.radiopresidenteibanez.cl\/web\/wp-json\/wp\/v2\/categories?post=8240"},{"taxonomy":"post_tag","embeddable":true,"href":"https:\/\/www.radiopresidenteibanez.cl\/web\/wp-json\/wp\/v2\/tags?post=8240"}],"curies":[{"name":"wp","href":"https:\/\/api.w.org\/{rel}","templated":true}]}}