{"id":8216,"date":"2019-11-22T15:40:15","date_gmt":"2019-11-22T15:40:15","guid":{"rendered":"https:\/\/www.radiopresidenteibanez.cl\/web\/?p=8216"},"modified":"2019-11-22T15:40:19","modified_gmt":"2019-11-22T15:40:19","slug":"chile-movilizado-por-juan-morano-cornejo","status":"publish","type":"post","link":"https:\/\/www.radiopresidenteibanez.cl\/web\/chile-movilizado-por-juan-morano-cornejo\/","title":{"rendered":"CHILE MOVILIZADO por JUAN MORANO CORNEJO"},"content":{"rendered":"\n<p>La semana pasada enviaba esta columna en el\nprimer aniversario del Joven Comunero Mapuche Camilo Catrillanca y se viv\u00edan horas cruciales para un\nacuerdo que provocara el fin definitivo de la Constituci\u00f3n del 80, esperando se\ngenerar\u00e1 una forma participativa y democr\u00e1tica para lograr la nueva Carta\nFundamental, hoy tenemos que mediante un plebiscito ciudadano se definir\u00e1\nprimero si se desea o no eliminar la Constituci\u00f3n 1980 y si deseamos que los\nconstituyentes sean elegidos en forma directa en octubre del 2020 o si queremos\nuna convenci\u00f3n mixta donde la mitad sea electo y el resto sean parlamentarios. &nbsp;Expl\u00edcitamente el texto concordado por las y\nlos Presidentes de Partido y personas firmantes se\u00f1ala:<\/p>\n\n\n\n<p>a)\n\u00bfQuiere usted una nueva Constituci\u00f3n? &nbsp;&nbsp;&nbsp;&nbsp;&nbsp;&nbsp;&nbsp; Apruebo\no Rechazo <\/p>\n\n\n\n<p>b)\n\u00bfQu\u00e9 tipo de \u00f3rgano debiera redactar la nueva Constituci\u00f3n?&nbsp; <\/p>\n\n\n\n<p>Convenci\u00f3n\nMixta&nbsp; Constitucional &nbsp;&nbsp;&nbsp;&nbsp;&nbsp;&nbsp;&nbsp;&nbsp;&nbsp;&nbsp; ( 50 % elegida)<\/p>\n\n\n\n<p>Convenci\u00f3n\nConstitucional.&nbsp;&nbsp;&nbsp;&nbsp;&nbsp;&nbsp;&nbsp;&nbsp;&nbsp;&nbsp;&nbsp;&nbsp;&nbsp;&nbsp;&nbsp;&nbsp;&nbsp;&nbsp;&nbsp;&nbsp;&nbsp;&nbsp; (100%\nelegida)<\/p>\n\n\n\n<p>Se hace necesario recalcar este primer punto\npor las voces que surgen, como la del Senador Allamand, pretendiendo que de no\nhaber acuerdo de los 2\/3, se mantiene la Constituci\u00f3n de 1980, debo se\u00f1alar que\nAllamand NO suscribi\u00f3 el acuerdo, por su partido y sector lo hizo su Presidente\nMario Desbordes. <\/p>\n\n\n\n<p>La primera pregunta que se responder\u00e1 en el\nPlebiscito es si queremos o no NUEVA Constituci\u00f3n, no tengo dudas de que ser\u00e1\nuna respuesta afirmativa por m\u00e1s del 70%. Allamand s\u00f3lo busca generar\ncondiciones contrarias a los acuerdos que por fuerza de la Sociedad Civil, se\nven como la mejor alternativa para generar m\u00e1s equidad y mayor justicia social.\nLo de Allamand se parece m\u00e1s a una disputa interna para mejorar su muy menguado\nliderazgo como pre candidato presidencial. Una vez m\u00e1s se equivoc\u00f3, qu\u00e9 chileno\nolvida que este Se\u00f1or es coautor de la Tesis del Desalojo en el 2007 y 2016, a\n\u00e9l no le interesa el di\u00e1logo y el camino com\u00fan de todo el pa\u00eds. <\/p>\n\n\n\n<p>Anhelamos una nueva constituci\u00f3n generada desde\nla &nbsp;participaci\u00f3n, el \u00f3rgano se podr\u00e1\nllamar colegio, convenci\u00f3n, o asamblea constituyente, no es relevante, si importa\nc\u00f3mo vamos a generar el organismo, hoy casi con certeza, estos ser\u00e1n todos y\ntodas elegidas por voto universal, falta asegurar que el sistema electoral\nresguarde la presencia igualitaria de hombres y mujeres, no los candidatos, eso\nno es suficiente, si no que entre electas, c\u00f3mo establecemos cupos para los\npueblos originarios, c\u00f3mo pueden organizar sus listas los organismos de la\nsociedad civil, que tengan los mismos derechos y obligaciones que partidos\npol\u00edticos, se deben prohibir los pactos entre los partidos, independientes en\nlas listas de los partidos deben tener la misma opci\u00f3n que los militantes del\npartido, se debe permitir que las listas puedan llevar al menos un 50% m\u00e1s de candidatos\nque cargos a elegir.<\/p>\n\n\n\n<p>Lo importante no puede hacernos dejar atr\u00e1s\nlo urgente, acceso a mejor salud y medicamentos, mejores pensiones para todos, reajuste\nen Enero, equipar la canchapara hombres y mujeres, relevante no es s\u00f3lo el\nequilibrio macroecon\u00f3mico, es m\u00e1s relevante la calidad de vida, la agenda\nsocial sigue en deuda.<\/p>\n\n\n\n<p>Gracias a la fuerza de la Movilizaci\u00f3n\nCiudadana, se corri\u00f3 el l\u00edmite de lo posible, se rompi\u00f3 el cerrojo de los 2\/3 que\nestablec\u00eda la Constituci\u00f3n del 80, se partir\u00e1 sin texto previo, lo que no logre\nconsenso en la asamblea o convenci\u00f3n, no estar\u00e1 en el texto final, y si es\nnecesario legislar ser\u00e1 una ley simple. No m\u00e1s leyes con qu\u00f3rum imposibles. <\/p>\n\n\n\n<p>La movilizaci\u00f3n\nsocial, est\u00e1 haciendo la historia del ma\u00f1ana, debe mantenerse activa y alerta,\nlos sectores que no quieren avances sociales lo est\u00e1n, no se debe bajar la\nguardia, cambiar el modelo no ser\u00e1 tarea sencilla, como tampoco lo era\nrecuperar la democracia y lo hicimos, ahora se ha iniciado la construcci\u00f3n de\nun Chile m\u00e1s justo, equitativo y solidario.<\/p>\n\n\n\n<p>Perm\u00edtanme,\ndesde la esperanza, decir como ayer, Juventud Chilena Adelante.<\/p>\n","protected":false},"excerpt":{"rendered":"<p>La semana pasada enviaba esta columna en el primer aniversario del Joven Comunero Mapuche Camilo Catrillanca y se viv\u00edan horas cruciales para un acuerdo que provocara el fin definitivo de&#8230; <a class=\"read-more\" href=\"https:\/\/www.radiopresidenteibanez.cl\/web\/chile-movilizado-por-juan-morano-cornejo\/\">Leer m\u00e1s<\/a><\/p>\n","protected":false},"author":2,"featured_media":1768,"comment_status":"closed","ping_status":"closed","sticky":false,"template":"","format":"standard","meta":{"footnotes":""},"categories":[1],"tags":[],"class_list":["post-8216","post","type-post","status-publish","format-standard","has-post-thumbnail","hentry","category-cronica"],"_links":{"self":[{"href":"https:\/\/www.radiopresidenteibanez.cl\/web\/wp-json\/wp\/v2\/posts\/8216","targetHints":{"allow":["GET"]}}],"collection":[{"href":"https:\/\/www.radiopresidenteibanez.cl\/web\/wp-json\/wp\/v2\/posts"}],"about":[{"href":"https:\/\/www.radiopresidenteibanez.cl\/web\/wp-json\/wp\/v2\/types\/post"}],"author":[{"embeddable":true,"href":"https:\/\/www.radiopresidenteibanez.cl\/web\/wp-json\/wp\/v2\/users\/2"}],"replies":[{"embeddable":true,"href":"https:\/\/www.radiopresidenteibanez.cl\/web\/wp-json\/wp\/v2\/comments?post=8216"}],"version-history":[{"count":0,"href":"https:\/\/www.radiopresidenteibanez.cl\/web\/wp-json\/wp\/v2\/posts\/8216\/revisions"}],"wp:featuredmedia":[{"embeddable":true,"href":"https:\/\/www.radiopresidenteibanez.cl\/web\/wp-json\/wp\/v2\/media\/1768"}],"wp:attachment":[{"href":"https:\/\/www.radiopresidenteibanez.cl\/web\/wp-json\/wp\/v2\/media?parent=8216"}],"wp:term":[{"taxonomy":"category","embeddable":true,"href":"https:\/\/www.radiopresidenteibanez.cl\/web\/wp-json\/wp\/v2\/categories?post=8216"},{"taxonomy":"post_tag","embeddable":true,"href":"https:\/\/www.radiopresidenteibanez.cl\/web\/wp-json\/wp\/v2\/tags?post=8216"}],"curies":[{"name":"wp","href":"https:\/\/api.w.org\/{rel}","templated":true}]}}