{"id":8211,"date":"2019-11-22T15:22:59","date_gmt":"2019-11-22T15:22:59","guid":{"rendered":"https:\/\/www.radiopresidenteibanez.cl\/web\/?p=8211"},"modified":"2019-11-22T15:23:02","modified_gmt":"2019-11-22T15:23:02","slug":"militancia-suspendida-tribunal-supremo-de-convergencia-social-le-aviso-decision-al-diputado-magallanico-gabriel-boric","status":"publish","type":"post","link":"https:\/\/www.radiopresidenteibanez.cl\/web\/militancia-suspendida-tribunal-supremo-de-convergencia-social-le-aviso-decision-al-diputado-magallanico-gabriel-boric\/","title":{"rendered":"MILITANCIA SUSPENDIDA: TRIBUNAL SUPREMO DE CONVERGENCIA SOCIAL LE AVISO DECISI\u00d3N AL DIPUTADO MAGALL\u00c1NICO GABRIEL BORIC"},"content":{"rendered":"\n<p> La pol\u00e9mica contin\u00faa al interior del partido Convergencia Social (CS) luego que el diputado Gabriel Boric firmara a t\u00edtulo personal -y pese a la resoluci\u00f3n contraria de la colectividad- el \u00abPacto por la paz\u00bb, acordado transversalmente la semana pasada por partidos oficialistas y opositores para iniciar un proceso constituyente.<\/p>\n\n\n\n<p>Esto luego que el Tribunal Supremo de CS decidi\u00f3 suspender la militancia de Boric mientras dure la investigaci\u00f3n que determinar\u00e1 si recaen sanciones en su contra por su decisi\u00f3n de adherir al acuerdo.<\/p>\n\n\n\n<p>Sin perjuicio de ello, debido a las labores propia que realiza como diputado el ex l\u00edder estudiantil, el tribunal se\u00f1ala que \u00abno tiene facultades para suspender al denunciado su trabajo legislativo y las declaraciones en prensa u otros medios que pudiese efectuar respecto de su trabajo puntual\u00bb.<\/p>\n\n\n\n<p>El propio Boric inform\u00f3 a los militantes de la colectividad sobre la medida provisional en su contra y les anunci\u00f3, v\u00eda Whatsapp, su salida \u00abde los espacios de debate partidario hasta la resoluci\u00f3n final del tribunal\u00bb, seg\u00fan un mensaje que constat\u00f3 El Desconcierto.<\/p>\n\n\n\n<p>La firma de Boric le gener\u00f3 la semana pasada cr\u00edticas desde la interna del partido, como el alcalde de Valpara\u00edso, Jorge Sharp, quien cuestion\u00f3 algunos puntos del acuerdo, por lo cual sostuvieron un duro intercambio en redes sociales. Finalmente este \u00faltimo decidi\u00f3 renunciar a CS junto a otros 72 militantes. <\/p>\n\n\n\n<p>Fuente: cooperativa<\/p>\n","protected":false},"excerpt":{"rendered":"<p>La pol\u00e9mica contin\u00faa al interior del partido Convergencia Social (CS) luego que el diputado Gabriel Boric firmara a t\u00edtulo personal -y pese a la resoluci\u00f3n contraria de la colectividad- el&#8230; <a class=\"read-more\" href=\"https:\/\/www.radiopresidenteibanez.cl\/web\/militancia-suspendida-tribunal-supremo-de-convergencia-social-le-aviso-decision-al-diputado-magallanico-gabriel-boric\/\">Leer m\u00e1s<\/a><\/p>\n","protected":false},"author":2,"featured_media":8088,"comment_status":"closed","ping_status":"closed","sticky":false,"template":"","format":"standard","meta":{"footnotes":""},"categories":[5],"tags":[],"class_list":["post-8211","post","type-post","status-publish","format-standard","has-post-thumbnail","hentry","category-politica"],"_links":{"self":[{"href":"https:\/\/www.radiopresidenteibanez.cl\/web\/wp-json\/wp\/v2\/posts\/8211","targetHints":{"allow":["GET"]}}],"collection":[{"href":"https:\/\/www.radiopresidenteibanez.cl\/web\/wp-json\/wp\/v2\/posts"}],"about":[{"href":"https:\/\/www.radiopresidenteibanez.cl\/web\/wp-json\/wp\/v2\/types\/post"}],"author":[{"embeddable":true,"href":"https:\/\/www.radiopresidenteibanez.cl\/web\/wp-json\/wp\/v2\/users\/2"}],"replies":[{"embeddable":true,"href":"https:\/\/www.radiopresidenteibanez.cl\/web\/wp-json\/wp\/v2\/comments?post=8211"}],"version-history":[{"count":0,"href":"https:\/\/www.radiopresidenteibanez.cl\/web\/wp-json\/wp\/v2\/posts\/8211\/revisions"}],"wp:featuredmedia":[{"embeddable":true,"href":"https:\/\/www.radiopresidenteibanez.cl\/web\/wp-json\/wp\/v2\/media\/8088"}],"wp:attachment":[{"href":"https:\/\/www.radiopresidenteibanez.cl\/web\/wp-json\/wp\/v2\/media?parent=8211"}],"wp:term":[{"taxonomy":"category","embeddable":true,"href":"https:\/\/www.radiopresidenteibanez.cl\/web\/wp-json\/wp\/v2\/categories?post=8211"},{"taxonomy":"post_tag","embeddable":true,"href":"https:\/\/www.radiopresidenteibanez.cl\/web\/wp-json\/wp\/v2\/tags?post=8211"}],"curies":[{"name":"wp","href":"https:\/\/api.w.org\/{rel}","templated":true}]}}