{"id":8208,"date":"2019-11-22T15:20:45","date_gmt":"2019-11-22T15:20:45","guid":{"rendered":"https:\/\/www.radiopresidenteibanez.cl\/web\/?p=8208"},"modified":"2019-11-22T15:20:49","modified_gmt":"2019-11-22T15:20:49","slug":"nuevo-seremi-de-educacion-se-presento-en-reunion-del-gabinete-regional","status":"publish","type":"post","link":"https:\/\/www.radiopresidenteibanez.cl\/web\/nuevo-seremi-de-educacion-se-presento-en-reunion-del-gabinete-regional\/","title":{"rendered":"NUEVO SEREMI DE EDUCACI\u00d3N SE PRESENT\u00d3 EN REUNI\u00d3N DEL GABINETE REGIONAL"},"content":{"rendered":"\n<p>Se llev\u00f3 a\ncabo la reuni\u00f3n del Gabinete Regional, la cual fue encabezada por el Intendente\nde Magallanes y de la Ant\u00e1rtica Chilena, Jos\u00e9 Fern\u00e1ndez D\u00fcbrock, y donde\nparticipan todos los secretarios regionales ministeriales junto a los\ngobernadores provinciales de Magallanes y Tierra del Fuego.<\/p>\n\n\n\n<p>En dicha\ninstancia, se present\u00f3 ante sus pares el nuevo seremi de Educaci\u00f3n, Rodrigo\nSep\u00falveda Tagle, quien asumi\u00f3 el cargo desde el lunes pasado, manifestando que\nse encuentra contento y preparado para desempe\u00f1ar las funciones y\nresponsabilidades que la ministra Marcela Cubillos le ha encomendado.<\/p>\n\n\n\n<p>\u201cTengo la\nsuerte de conocer mucho Magallanes por mi profesi\u00f3n, he estado recorriendo por\na\u00f1os esta zona, para m\u00ed es un sue\u00f1o cumplido estar ac\u00e1. Dentro de nuestros\nproyectos est\u00e1 poder llegar la mayor cantidad de veces a los sectores m\u00e1s\nalejados de la regi\u00f3n y estar en un contacto permanente con los colegas,\nprofesores y la comunidad escolar de Magallanes\u201d, sostuvo el nuevo seremi.<\/p>\n\n\n\n<p>Por su\nparte, la m\u00e1xima autoridad de la regi\u00f3n, expres\u00f3 que \u201cdesde el lunes asumi\u00f3 el\nnuevo seremi de Educaci\u00f3n quien adem\u00e1s es profesor y trae a la regi\u00f3n un lineamiento\npara trabajar en conjunto con los docentes y con el Ministerio, y esperamos que\nesa conexi\u00f3n pueda consolidar un mayor acercamiento con el gremio comunal y\nregional, apuntando siempre a mejorar el nivel de la educaci\u00f3n y la calidad\npara los estudiantes de Magallanes\u201d<\/p>\n\n\n\n<p>Cabe se\u00f1alar\nque Sep\u00falveda Tagle es profesor de Educaci\u00f3n F\u00edsica titulado en la Pontificia Universidad\nCat\u00f3lica de Talca (actual Universidad Cat\u00f3lica del Maule), es originario de la\ncomuna de Nancagua, en la Regi\u00f3n de O\u2019Higgins, y viene de ejercer funciones en\nla Corporaci\u00f3n de Desarrollo de la Ilustre Municipalidad de Santiago, habiendo\ncumplido ya 30 a\u00f1os en el servicio p\u00fablico.<\/p>\n\n\n\n<p>Asimismo,\ndurante la jornada del martes encabez\u00f3 su primera actividad protocolar, al\nreunirse con el Colegio de Profesores a nivel comunal y regional, destacando\nque \u201centre las cosas que se proyectaron fue seguir trabajando y no perder, por\nun cambio de autoridad, la agenda que ellos ven\u00edan trayendo, la cual en muchos\npuntos coincidimos perfectamente\u201d.<\/p>\n","protected":false},"excerpt":{"rendered":"<p>Se llev\u00f3 a cabo la reuni\u00f3n del Gabinete Regional, la cual fue encabezada por el Intendente de Magallanes y de la Ant\u00e1rtica Chilena, Jos\u00e9 Fern\u00e1ndez D\u00fcbrock, y donde participan todos&#8230; <a class=\"read-more\" href=\"https:\/\/www.radiopresidenteibanez.cl\/web\/nuevo-seremi-de-educacion-se-presento-en-reunion-del-gabinete-regional\/\">Leer m\u00e1s<\/a><\/p>\n","protected":false},"author":2,"featured_media":8209,"comment_status":"closed","ping_status":"closed","sticky":false,"template":"","format":"standard","meta":{"footnotes":""},"categories":[1],"tags":[],"class_list":["post-8208","post","type-post","status-publish","format-standard","has-post-thumbnail","hentry","category-cronica"],"_links":{"self":[{"href":"https:\/\/www.radiopresidenteibanez.cl\/web\/wp-json\/wp\/v2\/posts\/8208","targetHints":{"allow":["GET"]}}],"collection":[{"href":"https:\/\/www.radiopresidenteibanez.cl\/web\/wp-json\/wp\/v2\/posts"}],"about":[{"href":"https:\/\/www.radiopresidenteibanez.cl\/web\/wp-json\/wp\/v2\/types\/post"}],"author":[{"embeddable":true,"href":"https:\/\/www.radiopresidenteibanez.cl\/web\/wp-json\/wp\/v2\/users\/2"}],"replies":[{"embeddable":true,"href":"https:\/\/www.radiopresidenteibanez.cl\/web\/wp-json\/wp\/v2\/comments?post=8208"}],"version-history":[{"count":0,"href":"https:\/\/www.radiopresidenteibanez.cl\/web\/wp-json\/wp\/v2\/posts\/8208\/revisions"}],"wp:featuredmedia":[{"embeddable":true,"href":"https:\/\/www.radiopresidenteibanez.cl\/web\/wp-json\/wp\/v2\/media\/8209"}],"wp:attachment":[{"href":"https:\/\/www.radiopresidenteibanez.cl\/web\/wp-json\/wp\/v2\/media?parent=8208"}],"wp:term":[{"taxonomy":"category","embeddable":true,"href":"https:\/\/www.radiopresidenteibanez.cl\/web\/wp-json\/wp\/v2\/categories?post=8208"},{"taxonomy":"post_tag","embeddable":true,"href":"https:\/\/www.radiopresidenteibanez.cl\/web\/wp-json\/wp\/v2\/tags?post=8208"}],"curies":[{"name":"wp","href":"https:\/\/api.w.org\/{rel}","templated":true}]}}