{"id":8205,"date":"2019-11-22T15:17:51","date_gmt":"2019-11-22T15:17:51","guid":{"rendered":"https:\/\/www.radiopresidenteibanez.cl\/web\/?p=8205"},"modified":"2019-11-22T15:17:54","modified_gmt":"2019-11-22T15:17:54","slug":"sabores-calidad-y-aroma-de-mercado-campesino-de-indap-llega-a-zonaustral","status":"publish","type":"post","link":"https:\/\/www.radiopresidenteibanez.cl\/web\/sabores-calidad-y-aroma-de-mercado-campesino-de-indap-llega-a-zonaustral\/","title":{"rendered":"SABORES, CALIDAD Y AROMA DE MERCADO CAMPESINO DE INDAP LLEGA A \u00abZONAUSTRAL\u00bb"},"content":{"rendered":"\n<p>El olor a cilantro, ruibarbo, acelga, frutilla y lechugas frescas dar\u00e1n un golpe de ox\u00edgeno a la dieta de los magall\u00e1nicos durante el segundo Mercado Campesino de la temporada que se realizar\u00e1 los d\u00edas 23 y 24 de noviembre en el m\u00f3dulo central de \u00abzonAustral\u00bb.&nbsp;<\/p>\n\n\n\n<p>La actividad busca abrir m\u00e1s oportunidades de comercializaci\u00f3n y promover el consumo de alimentos&nbsp;saludables en la comunidad.&nbsp;&nbsp;\u201cSe trata de hortalizas cosechadas el mismo d\u00eda y de productos naturales elaborados en la regi\u00f3n que tienen una notable distinci\u00f3n respecto a otros que llegan del resto del pa\u00eds y del extranjero: su calidad y frescura\u201d, explic\u00f3 Patricia Delgado, Presidenta del Consejo Asesor Regional Campesino.<\/p>\n\n\n\n<p>En total se presentan once stand que estar\u00e1n ubicados en el local 312 del m\u00f3dulo central.&nbsp;&nbsp;La atenci\u00f3n comienza desde las 11:00 horas.<\/p>\n\n\n\n<p>Por su parte, Petar Bradasic, director regional de INDAP, explic\u00f3 que mientras los agricultores no cuenten con un recinto propio para comercializar sus productos, todas las&nbsp;ferias&nbsp;y espacios que se habiliten en la regi\u00f3n \u201cson bienvenidos\u201d.<\/p>\n\n\n\n<p>De igual forma destac\u00f3 el contacto entre agricultores y comunidad. \u201cEl circuito corto, es decir, la compra directa, sin intermediarios, es la mejor forma de apoyar a la agricultura de la zona\u201d, indic\u00f3.<\/p>\n\n\n\n<p>En tanto, el seremi de Agricultura Alfonso Roux, destac\u00f3 que la iniciativa abre nuevos espacios de comercializaci\u00f3n para los agricultores regionales y favorece el intercambio de productos sanos con identidad campesina. \u201cInvito a todos los puntarenenses a para que concurran y disfruten de los productos sanos y frescos de la temporada\u201d.<\/p>\n\n\n\n<p>Finalmente precis\u00f3 que el Ministerio de Agricultura, junto a INDAP y el Gobierno Regional trabaja coordinadamente en la adquisici\u00f3n de un local que permita a los agricultores de Magallanes contar con un espacio de comercializaci\u00f3n permanente.<\/p>\n\n\n\n<p>La Red de \u201cMercados Campesinos\u201d es una iniciativa del Programa de Comercializaci\u00f3n de INDAP, que busca consolidar bajo principios comunes y visibilizar bajo identidad gr\u00e1fica com\u00fan las iniciativas existentes de comercializaci\u00f3n.&nbsp;&nbsp;A su vez, su principal objetivo es ofrecer productos campesinos a los habitantes de ciudades y pueblos, permitiendo a los productores vender en forma directa a los consumidores (circuitos cortos),&nbsp; asegurando calidad, frescura e identidad a un precio conveniente para ambas partes.<\/p>\n","protected":false},"excerpt":{"rendered":"<p>El olor a cilantro, ruibarbo, acelga, frutilla y lechugas frescas dar\u00e1n un golpe de ox\u00edgeno a la dieta de los magall\u00e1nicos durante el segundo Mercado Campesino de la temporada que&#8230; <a class=\"read-more\" href=\"https:\/\/www.radiopresidenteibanez.cl\/web\/sabores-calidad-y-aroma-de-mercado-campesino-de-indap-llega-a-zonaustral\/\">Leer m\u00e1s<\/a><\/p>\n","protected":false},"author":2,"featured_media":8206,"comment_status":"closed","ping_status":"closed","sticky":false,"template":"","format":"standard","meta":{"footnotes":""},"categories":[1],"tags":[],"class_list":["post-8205","post","type-post","status-publish","format-standard","has-post-thumbnail","hentry","category-cronica"],"_links":{"self":[{"href":"https:\/\/www.radiopresidenteibanez.cl\/web\/wp-json\/wp\/v2\/posts\/8205","targetHints":{"allow":["GET"]}}],"collection":[{"href":"https:\/\/www.radiopresidenteibanez.cl\/web\/wp-json\/wp\/v2\/posts"}],"about":[{"href":"https:\/\/www.radiopresidenteibanez.cl\/web\/wp-json\/wp\/v2\/types\/post"}],"author":[{"embeddable":true,"href":"https:\/\/www.radiopresidenteibanez.cl\/web\/wp-json\/wp\/v2\/users\/2"}],"replies":[{"embeddable":true,"href":"https:\/\/www.radiopresidenteibanez.cl\/web\/wp-json\/wp\/v2\/comments?post=8205"}],"version-history":[{"count":0,"href":"https:\/\/www.radiopresidenteibanez.cl\/web\/wp-json\/wp\/v2\/posts\/8205\/revisions"}],"wp:featuredmedia":[{"embeddable":true,"href":"https:\/\/www.radiopresidenteibanez.cl\/web\/wp-json\/wp\/v2\/media\/8206"}],"wp:attachment":[{"href":"https:\/\/www.radiopresidenteibanez.cl\/web\/wp-json\/wp\/v2\/media?parent=8205"}],"wp:term":[{"taxonomy":"category","embeddable":true,"href":"https:\/\/www.radiopresidenteibanez.cl\/web\/wp-json\/wp\/v2\/categories?post=8205"},{"taxonomy":"post_tag","embeddable":true,"href":"https:\/\/www.radiopresidenteibanez.cl\/web\/wp-json\/wp\/v2\/tags?post=8205"}],"curies":[{"name":"wp","href":"https:\/\/api.w.org\/{rel}","templated":true}]}}