{"id":8202,"date":"2019-11-22T15:14:11","date_gmt":"2019-11-22T15:14:11","guid":{"rendered":"https:\/\/www.radiopresidenteibanez.cl\/web\/?p=8202"},"modified":"2019-11-22T15:14:14","modified_gmt":"2019-11-22T15:14:14","slug":"futuros-propietarios-de-departamentos-de-condominio-pioneros-5-visitaron-las-obras-de-construccion","status":"publish","type":"post","link":"https:\/\/www.radiopresidenteibanez.cl\/web\/futuros-propietarios-de-departamentos-de-condominio-pioneros-5-visitaron-las-obras-de-construccion\/","title":{"rendered":"FUTUROS PROPIETARIOS DE DEPARTAMENTOS DE CONDOMINIO PIONEROS 5 VISITARON LAS OBRAS DE CONSTRUCCI\u00d3N"},"content":{"rendered":"\n<p>Las familias que vivir\u00e1n en el condominio Pioneros 5 visitaron las obras de construcci\u00f3n de su conjunto habitacional, entre ellas el departamento piloto. Se trata de la primera visita al lugar y que les permite comenzar a so\u00f1ar con su nuevo hogar, observar los espacios o medir, para preparar todo lo posible para una vez recibidos, puedan habilitar su departamento para habitarlo.<\/p>\n\n\n\n<p>\u201cMe gust\u00f3 mucho el departamento piloto, lo encontr\u00e9 m\u00e1s grande de lo que pensaba, est\u00e1 muy bien distribuido. Nosotros revisamos las dimensiones de todas las piezas para empezar a organizar los espacios\u201d, coment\u00f3 Cecilia Soto que lleg\u00f3 con su hijo a conocer el espacio.<\/p>\n\n\n\n<p>Johana Rodr\u00edguez vive en Punta Arenas hace ocho a\u00f1os, con su esposo y dos hijos. \u201cEsto es lo m\u00e1ximo, es un sue\u00f1o cumplido, siempre so\u00f1amos con tener una casa propia ac\u00e1 en Chile, venir de Dominicana para ac\u00e1 y tener una casa propia, es un sue\u00f1o cumplido. Fue dif\u00edcil contar la plata, porque yo no trabajo, mi marido es todo en la casa y \u00e9l fue poco a poco juntando peso a peso para tener la plata para postular\u201d, manifest\u00f3.<\/p>\n\n\n\n<p>Esta visita forma parte del proceso de Habilitaci\u00f3n Social que reciben los futuros propietarios durante la ejecuci\u00f3n del proyecto habitacional, a cargo de la Entidad Patrocinante Salfa.<\/p>\n\n\n\n<p>\u201cEl pr\u00f3ximo a\u00f1o vamos a entregar 80 nuevas soluciones habitacionales con subsidio del Fondo Solidario de Elecci\u00f3n de Vivienda. La construcci\u00f3n de estos edificios tiene un 55% de avance y es parte del desarrollo de un conjunto de viviendas en altura que consta de seis etapas, emplazadas en el sector sur de avenida Mart\u00ednez de Aldunate\u201d, detall\u00f3 el director regional de Serviu Dubalio P\u00e9rez.<\/p>\n\n\n\n<p>Al igual que las otras etapas de departamentos Pioneros, estos cuentan con 56 m2 repartidos en dos dormitorios, ba\u00f1o, sala de estar comedor, cocina y logia. Adem\u00e1s, cuentan con calefacci\u00f3n central. La inversi\u00f3n del Ministerio de Vivienda Y Urbanismo supera los 3 mil millones de pesos.<\/p>\n","protected":false},"excerpt":{"rendered":"<p>Las familias que vivir\u00e1n en el condominio Pioneros 5 visitaron las obras de construcci\u00f3n de su conjunto habitacional, entre ellas el departamento piloto. Se trata de la primera visita al&#8230; <a class=\"read-more\" href=\"https:\/\/www.radiopresidenteibanez.cl\/web\/futuros-propietarios-de-departamentos-de-condominio-pioneros-5-visitaron-las-obras-de-construccion\/\">Leer m\u00e1s<\/a><\/p>\n","protected":false},"author":2,"featured_media":8203,"comment_status":"closed","ping_status":"closed","sticky":false,"template":"","format":"standard","meta":{"footnotes":""},"categories":[1],"tags":[],"class_list":["post-8202","post","type-post","status-publish","format-standard","has-post-thumbnail","hentry","category-cronica"],"_links":{"self":[{"href":"https:\/\/www.radiopresidenteibanez.cl\/web\/wp-json\/wp\/v2\/posts\/8202","targetHints":{"allow":["GET"]}}],"collection":[{"href":"https:\/\/www.radiopresidenteibanez.cl\/web\/wp-json\/wp\/v2\/posts"}],"about":[{"href":"https:\/\/www.radiopresidenteibanez.cl\/web\/wp-json\/wp\/v2\/types\/post"}],"author":[{"embeddable":true,"href":"https:\/\/www.radiopresidenteibanez.cl\/web\/wp-json\/wp\/v2\/users\/2"}],"replies":[{"embeddable":true,"href":"https:\/\/www.radiopresidenteibanez.cl\/web\/wp-json\/wp\/v2\/comments?post=8202"}],"version-history":[{"count":0,"href":"https:\/\/www.radiopresidenteibanez.cl\/web\/wp-json\/wp\/v2\/posts\/8202\/revisions"}],"wp:featuredmedia":[{"embeddable":true,"href":"https:\/\/www.radiopresidenteibanez.cl\/web\/wp-json\/wp\/v2\/media\/8203"}],"wp:attachment":[{"href":"https:\/\/www.radiopresidenteibanez.cl\/web\/wp-json\/wp\/v2\/media?parent=8202"}],"wp:term":[{"taxonomy":"category","embeddable":true,"href":"https:\/\/www.radiopresidenteibanez.cl\/web\/wp-json\/wp\/v2\/categories?post=8202"},{"taxonomy":"post_tag","embeddable":true,"href":"https:\/\/www.radiopresidenteibanez.cl\/web\/wp-json\/wp\/v2\/tags?post=8202"}],"curies":[{"name":"wp","href":"https:\/\/api.w.org\/{rel}","templated":true}]}}