{"id":8199,"date":"2019-11-22T15:12:05","date_gmt":"2019-11-22T15:12:05","guid":{"rendered":"https:\/\/www.radiopresidenteibanez.cl\/web\/?p=8199"},"modified":"2019-11-22T15:12:08","modified_gmt":"2019-11-22T15:12:08","slug":"tripulante-de-helicoptero-de-la-iva-brigada-aerea-recibio-premio-mujer-pionera-2019","status":"publish","type":"post","link":"https:\/\/www.radiopresidenteibanez.cl\/web\/tripulante-de-helicoptero-de-la-iva-brigada-aerea-recibio-premio-mujer-pionera-2019\/","title":{"rendered":"TRIPULANTE DE HELIC\u00d3PTERO DE LA IV\u00aa BRIGADA A\u00c9REA RECIBI\u00d3 \u201cPREMIO MUJER PIONERA 2019\u201d"},"content":{"rendered":"\n<p>En\nuna emotiva ceremonia, la primera tripulante de helic\u00f3ptero de la Fuerza A\u00e9rea\nen la regi\u00f3n de Magallanes y la Ant\u00e1rtica Chilena, Cabo 2\u00b0 Marjorie Monsalve,\nfue reconocida con el \u201cPremio Mujer Pionera 2019\u201d por el Servicio Nacional de\nla Mujer y Equidad de G\u00e9nero (Sernameg), destacando su liderazgo, calidad\nhumana y desempe\u00f1o profesional.<\/p>\n\n\n\n<p><br>\nLa iniciativa se desarroll\u00f3 en el Hotel Diego de Almagro de Punta Arenas, donde\n14 mujeres que se desempe\u00f1an en diversas empresas e instituciones regionales\nfueron distinguidas con este galard\u00f3n, que busca relevar el rol de la mujer en\nrubros y actividades productivas hist\u00f3ricamente asociadas a los hombres.<\/p>\n\n\n\n<p><br>\nLa Cabo 2\u00b0 Monsalve ingres\u00f3 a la Escuela de Especialidades \u201cSargento 1\u00b0 Adolfo\nMenadier Rojas\u201d el a\u00f1o 2011, egresando de la carrera de Tripulante de\nAeronaves. Dos a\u00f1os m\u00e1s tarde se sum\u00f3 a las filas del Grupo de Aviaci\u00f3n N\u00b06, de\nla IV\u00aa Brigada A\u00e9rea, donde actualmente se desempe\u00f1a como mec\u00e1nica tripulante\nde helic\u00f3ptero.<\/p>\n\n\n\n<p><br>\nDentro de sus labores destacan el mantenimiento de l\u00ednea y tripulante a\u00e9reo de\nHelic\u00f3ptero Bell-412, realizando cargu\u00edo de combustible, movimientos de carga y\ndescarga, e inspecci\u00f3n y movimientos de la aeronave.<\/p>\n\n\n\n<p><br>\nSus habilidades y entrenamiento tambi\u00e9n le han permitido ser la \u00fanica mujer en\noperar sistema de tecle de rescate, y maniobras de auto-descenso de personal de\ncomandos de aviaci\u00f3n; participar en rescates, evacuaciones aerom\u00e9dicas y apoyo\nen incendios forestales; y haber formado parte de la dotaci\u00f3n de la Base A\u00e9rea\nAnt\u00e1rtica Presidente Eduardo Frei Montalva.<\/p>\n\n\n\n<p>\u201cPara\nm\u00ed, pertenecer a la Fuerza A\u00e9rea es cumplir un sue\u00f1o que ten\u00eda desde peque\u00f1a,\nde poder ser parte de una instituci\u00f3n militar y vestir el azul a\u00e9reo, y espero\nseguir adquiriendo nuevos conocimientos y ganando m\u00e1s experiencia, para\ncontinuar siendo un aporte para mi instituci\u00f3n y mi pa\u00eds\u201d, expres\u00f3 la Cabo 2\u00b0\nMonsalve.<\/p>\n\n\n\n<p>Finalmente, el Comandante en Jefe de la IV<sup>a<\/sup> Brigada A\u00e9rea, General de Brigada A\u00e9rea (A) Eduardo Mosqueira Cruz felicit\u00f3 a la \u201cMujer Pionera\u201d y destac\u00f3 la contribuci\u00f3n que realizan cada una de las mujeres a la Unidad, aportando con sus capacidades y profesionalismo a cumplir de la mejor manera la misi\u00f3n institucional.<\/p>\n","protected":false},"excerpt":{"rendered":"<p>En una emotiva ceremonia, la primera tripulante de helic\u00f3ptero de la Fuerza A\u00e9rea en la regi\u00f3n de Magallanes y la Ant\u00e1rtica Chilena, Cabo 2\u00b0 Marjorie Monsalve, fue reconocida con el&#8230; <a class=\"read-more\" href=\"https:\/\/www.radiopresidenteibanez.cl\/web\/tripulante-de-helicoptero-de-la-iva-brigada-aerea-recibio-premio-mujer-pionera-2019\/\">Leer m\u00e1s<\/a><\/p>\n","protected":false},"author":2,"featured_media":8200,"comment_status":"closed","ping_status":"closed","sticky":false,"template":"","format":"standard","meta":{"footnotes":""},"categories":[1],"tags":[],"class_list":["post-8199","post","type-post","status-publish","format-standard","has-post-thumbnail","hentry","category-cronica"],"_links":{"self":[{"href":"https:\/\/www.radiopresidenteibanez.cl\/web\/wp-json\/wp\/v2\/posts\/8199","targetHints":{"allow":["GET"]}}],"collection":[{"href":"https:\/\/www.radiopresidenteibanez.cl\/web\/wp-json\/wp\/v2\/posts"}],"about":[{"href":"https:\/\/www.radiopresidenteibanez.cl\/web\/wp-json\/wp\/v2\/types\/post"}],"author":[{"embeddable":true,"href":"https:\/\/www.radiopresidenteibanez.cl\/web\/wp-json\/wp\/v2\/users\/2"}],"replies":[{"embeddable":true,"href":"https:\/\/www.radiopresidenteibanez.cl\/web\/wp-json\/wp\/v2\/comments?post=8199"}],"version-history":[{"count":0,"href":"https:\/\/www.radiopresidenteibanez.cl\/web\/wp-json\/wp\/v2\/posts\/8199\/revisions"}],"wp:featuredmedia":[{"embeddable":true,"href":"https:\/\/www.radiopresidenteibanez.cl\/web\/wp-json\/wp\/v2\/media\/8200"}],"wp:attachment":[{"href":"https:\/\/www.radiopresidenteibanez.cl\/web\/wp-json\/wp\/v2\/media?parent=8199"}],"wp:term":[{"taxonomy":"category","embeddable":true,"href":"https:\/\/www.radiopresidenteibanez.cl\/web\/wp-json\/wp\/v2\/categories?post=8199"},{"taxonomy":"post_tag","embeddable":true,"href":"https:\/\/www.radiopresidenteibanez.cl\/web\/wp-json\/wp\/v2\/tags?post=8199"}],"curies":[{"name":"wp","href":"https:\/\/api.w.org\/{rel}","templated":true}]}}