{"id":8196,"date":"2019-11-22T15:09:02","date_gmt":"2019-11-22T15:09:02","guid":{"rendered":"https:\/\/www.radiopresidenteibanez.cl\/web\/?p=8196"},"modified":"2019-11-22T15:09:05","modified_gmt":"2019-11-22T15:09:05","slug":"mas-de-200-personas-participaron-de-seminario-sobre-trastorno-de-espectro-autista","status":"publish","type":"post","link":"https:\/\/www.radiopresidenteibanez.cl\/web\/mas-de-200-personas-participaron-de-seminario-sobre-trastorno-de-espectro-autista\/","title":{"rendered":"M\u00c1S DE 200 PERSONAS PARTICIPARON DE SEMINARIO SOBRE TRASTORNO DE ESPECTRO AUTISTA"},"content":{"rendered":"\n<p>Familiares, profesionales y alumnos de carreras relacionadas\ncon la tem\u00e1tica de la discapacidad, adem\u00e1s de representantes de organizaciones\nde padres de ni\u00f1os y j\u00f3venes con autismo, participaron del Seminario \u201cApoyo a\nla inclusi\u00f3n educativa\u201d, enfocado en el trastorno de espectro autista,\nactividad organizada por la Unidad de Discapacidad del Municipio de Punta\nArenas, dependiente de la Direcci\u00f3n de Desarrollo Comunitario.<\/p>\n\n\n\n<p>Los asistentes pudieron escuchar la exposici\u00f3n de la\neducadora diferencial, Mar\u00eda del Carmen Aguilera, directora t\u00e9cnica del Centro\nLeo Kanner, y de la fundaci\u00f3n Hahn, dirigida a los ni\u00f1os con trastorno de\nespectro autista.<\/p>\n\n\n\n<p>\u201cLo que esperamos es que ellos puedan comprender las\nnecesidades de una persona, comprender su forma de entender el mundo, que son\npersonas l\u00f3gico concretas, hiperreales, y que requieren que la informaci\u00f3n que\nse entregue sea concreta. Tambi\u00e9n, comprender que son personas que requieren\nacompa\u00f1amiento de la familia y de toda la comunidad, del entorno educativo y de\ntodos quienes estamos a su alrededor\u201d, afirm\u00f3 la profesional.<\/p>\n\n\n\n<p>En Punta Arenas hay cerca de 2 mil personas con la condici\u00f3n\nde espectro autista, por lo que el Municipio busc\u00f3 colaborar en la integraci\u00f3n\nde quienes poseen esta condici\u00f3n.<\/p>\n\n\n\n<p>\u201cPara nosotros es de suma importancia comenzar a visualizar\ny educar a la comunidad en este tema, ya que en muchas ocasiones, las personas\ncon trastorno de espectro autista con incomprendidas producto del\ndesconocimiento que existe en el entorno, respecto a esta condici\u00f3n\u201d, afirm\u00f3 la\ndirectora de Desarrollo Comunitario del Municipio de Punta Arenas, Elena\nBlackwood.<\/p>\n\n\n\n<p>Las y los asistentes valoraron los contenidos entregados\ndurante la exposici\u00f3n. \u201cHemos aprendido harto, porque nos dan m\u00e1s herramientas\npara trabajar con los j\u00f3venes y eso tambi\u00e9n a uno le sirve para dejarlos ser,\nporque uno como mam\u00e1 es muy protectora\u201d, afirm\u00f3 la presidenta de la\norganizaci\u00f3n Bazinga, Cecilia Jeldes.<\/p>\n\n\n\n<p>Por su parte, Carla Cancino, indic\u00f3 que el taller \u201cha sido\nbastante did\u00e1ctico. Yo creo que viene a cambiar los paradigmas en autismo. Yo\ntrabajo para el taller laboral Unpade, y la verdad es que nos hemos dado cuenta\nque no vamos tan mal encaminados y que en realidad lo que queremos es llegar a\npersonas con un m\u00ednimo de asistencialismo posible\u201d.<\/p>\n","protected":false},"excerpt":{"rendered":"<p>Familiares, profesionales y alumnos de carreras relacionadas con la tem\u00e1tica de la discapacidad, adem\u00e1s de representantes de organizaciones de padres de ni\u00f1os y j\u00f3venes con autismo, participaron del Seminario \u201cApoyo&#8230; <a class=\"read-more\" href=\"https:\/\/www.radiopresidenteibanez.cl\/web\/mas-de-200-personas-participaron-de-seminario-sobre-trastorno-de-espectro-autista\/\">Leer m\u00e1s<\/a><\/p>\n","protected":false},"author":2,"featured_media":8197,"comment_status":"closed","ping_status":"closed","sticky":false,"template":"","format":"standard","meta":{"footnotes":""},"categories":[1],"tags":[],"class_list":["post-8196","post","type-post","status-publish","format-standard","has-post-thumbnail","hentry","category-cronica"],"_links":{"self":[{"href":"https:\/\/www.radiopresidenteibanez.cl\/web\/wp-json\/wp\/v2\/posts\/8196","targetHints":{"allow":["GET"]}}],"collection":[{"href":"https:\/\/www.radiopresidenteibanez.cl\/web\/wp-json\/wp\/v2\/posts"}],"about":[{"href":"https:\/\/www.radiopresidenteibanez.cl\/web\/wp-json\/wp\/v2\/types\/post"}],"author":[{"embeddable":true,"href":"https:\/\/www.radiopresidenteibanez.cl\/web\/wp-json\/wp\/v2\/users\/2"}],"replies":[{"embeddable":true,"href":"https:\/\/www.radiopresidenteibanez.cl\/web\/wp-json\/wp\/v2\/comments?post=8196"}],"version-history":[{"count":0,"href":"https:\/\/www.radiopresidenteibanez.cl\/web\/wp-json\/wp\/v2\/posts\/8196\/revisions"}],"wp:featuredmedia":[{"embeddable":true,"href":"https:\/\/www.radiopresidenteibanez.cl\/web\/wp-json\/wp\/v2\/media\/8197"}],"wp:attachment":[{"href":"https:\/\/www.radiopresidenteibanez.cl\/web\/wp-json\/wp\/v2\/media?parent=8196"}],"wp:term":[{"taxonomy":"category","embeddable":true,"href":"https:\/\/www.radiopresidenteibanez.cl\/web\/wp-json\/wp\/v2\/categories?post=8196"},{"taxonomy":"post_tag","embeddable":true,"href":"https:\/\/www.radiopresidenteibanez.cl\/web\/wp-json\/wp\/v2\/tags?post=8196"}],"curies":[{"name":"wp","href":"https:\/\/api.w.org\/{rel}","templated":true}]}}