{"id":8193,"date":"2019-11-22T15:06:52","date_gmt":"2019-11-22T15:06:52","guid":{"rendered":"https:\/\/www.radiopresidenteibanez.cl\/web\/?p=8193"},"modified":"2019-11-22T15:06:56","modified_gmt":"2019-11-22T15:06:56","slug":"futbol-7x7-caja-los-andes-asi-quedaron-los-grupos-de-la-fase-final-del-campeonato-recasur-representara-a-magallanes","status":"publish","type":"post","link":"https:\/\/www.radiopresidenteibanez.cl\/web\/futbol-7x7-caja-los-andes-asi-quedaron-los-grupos-de-la-fase-final-del-campeonato-recasur-representara-a-magallanes\/","title":{"rendered":"F\u00daTBOL 7X7 CAJA LOS ANDES: AS\u00cd QUEDARON LOS GRUPOS DE LA FASE FINAL DEL CAMPEONATO, RECASUR REPRESENTAR\u00c1 A MAGALLANES"},"content":{"rendered":"\n<p>A las 13:30 en el hotel\nRenaissance de Vitacura, se inici\u00f3 la ceremonia de inauguraci\u00f3n de las finales\nde la edici\u00f3n 2019 del torneo. Con palabras de representantes de la Caja Los\nAndes, el multi campe\u00f3n y ex capit\u00e1n de Colo Colo, Luis Mena, y el ex\nseleccionado nacional Rafael Olarra, se anim\u00f3 a los jugadores a que den todo en\nel campeonato.<\/p>\n\n\n\n<p>Ante la presencia de todos los\nequipos clasificados (6 femeninos y 8 masculinos), el Sub Gerente Corporativo\nde Caja Los Andes, Esteban Cuevas se refiri\u00f3 a la relevancia de las\ndelegaciones para la realizaci\u00f3n del evento. \u201cEstamos super contentos de tener\na los equipos ac\u00e1. Ustedes son los estandartes de este torneo, esperemos que\ndejen todo en la cancha y gane el mejor\u201d.&nbsp;\n<\/p>\n\n\n\n<p>El sorteo se inici\u00f3 cercano a las\n14:00 con Olarra y Mena a cargo de sacar las bolitas que conten\u00edan a los\ndistintos equipos. Se comenz\u00f3 con las mujeres donde el grupo 1 qued\u00f3 conformado\npor Axis de Puerto Montt, Hospital Regional de Antofagasta y las actuales\ncampeonas Las Profes de Osorno. Por su parte el grupo 2 qued\u00f3 compuesto por\nVerde Legi\u00f3n f\u00fatbol Club de Santiago, Municipalidad de Constituci\u00f3n y Les\nMachines de Villa Alemana.<\/p>\n\n\n\n<p>En el primer turno de la fecha\njugar\u00e1n Las Profes vs Axis (17:00), para dejar en el segundo a Les Machines vs\nMunicipalidad de Constituci\u00f3n (18:00), quedando libre Hospital Regional y Verde\nlegi\u00f3n que entrar\u00e1n a la cancha el viernes a disputar su primer partido.&nbsp; <\/p>\n\n\n\n<p>Por su parte, en hombres el grupo\n1 qued\u00f3 compuesto por Recasur de Punta Arenas, Prooffice de Concepci\u00f3n, K+S de\nSan Antonio y C.D.C Osorno. En la primera jornada de esta fase final se\nenfrentar\u00e1n en el primer turno Prooffice vs C.D.C Osorno (17:00), para que\nposteriormente jueguen K+s vs Recasur (18:00). <\/p>\n\n\n\n<p>El lanzamiento se cerr\u00f3 con un\nvideo de una de las sorpresas que tendr\u00e1 esta copa: Carlos \u201cEl Pibe\u201d\nValderrama, que compartir\u00e1 con los jugadores en las diversas actividades que se\nrealizar\u00e1n en el marco de esta edici\u00f3n del campeonato.<\/p>\n","protected":false},"excerpt":{"rendered":"<p>A las 13:30 en el hotel Renaissance de Vitacura, se inici\u00f3 la ceremonia de inauguraci\u00f3n de las finales de la edici\u00f3n 2019 del torneo. Con palabras de representantes de la&#8230; <a class=\"read-more\" href=\"https:\/\/www.radiopresidenteibanez.cl\/web\/futbol-7x7-caja-los-andes-asi-quedaron-los-grupos-de-la-fase-final-del-campeonato-recasur-representara-a-magallanes\/\">Leer m\u00e1s<\/a><\/p>\n","protected":false},"author":2,"featured_media":8194,"comment_status":"closed","ping_status":"closed","sticky":false,"template":"","format":"standard","meta":{"footnotes":""},"categories":[1],"tags":[],"class_list":["post-8193","post","type-post","status-publish","format-standard","has-post-thumbnail","hentry","category-cronica"],"_links":{"self":[{"href":"https:\/\/www.radiopresidenteibanez.cl\/web\/wp-json\/wp\/v2\/posts\/8193","targetHints":{"allow":["GET"]}}],"collection":[{"href":"https:\/\/www.radiopresidenteibanez.cl\/web\/wp-json\/wp\/v2\/posts"}],"about":[{"href":"https:\/\/www.radiopresidenteibanez.cl\/web\/wp-json\/wp\/v2\/types\/post"}],"author":[{"embeddable":true,"href":"https:\/\/www.radiopresidenteibanez.cl\/web\/wp-json\/wp\/v2\/users\/2"}],"replies":[{"embeddable":true,"href":"https:\/\/www.radiopresidenteibanez.cl\/web\/wp-json\/wp\/v2\/comments?post=8193"}],"version-history":[{"count":0,"href":"https:\/\/www.radiopresidenteibanez.cl\/web\/wp-json\/wp\/v2\/posts\/8193\/revisions"}],"wp:featuredmedia":[{"embeddable":true,"href":"https:\/\/www.radiopresidenteibanez.cl\/web\/wp-json\/wp\/v2\/media\/8194"}],"wp:attachment":[{"href":"https:\/\/www.radiopresidenteibanez.cl\/web\/wp-json\/wp\/v2\/media?parent=8193"}],"wp:term":[{"taxonomy":"category","embeddable":true,"href":"https:\/\/www.radiopresidenteibanez.cl\/web\/wp-json\/wp\/v2\/categories?post=8193"},{"taxonomy":"post_tag","embeddable":true,"href":"https:\/\/www.radiopresidenteibanez.cl\/web\/wp-json\/wp\/v2\/tags?post=8193"}],"curies":[{"name":"wp","href":"https:\/\/api.w.org\/{rel}","templated":true}]}}