{"id":8153,"date":"2019-11-20T14:31:41","date_gmt":"2019-11-20T14:31:41","guid":{"rendered":"https:\/\/www.radiopresidenteibanez.cl\/web\/?p=8153"},"modified":"2019-11-20T14:31:44","modified_gmt":"2019-11-20T14:31:44","slug":"tres-viviendas-fueron-consumidas-por-el-fuego-durante-la-manana-en-el-sector-de-rio-seco","status":"publish","type":"post","link":"https:\/\/www.radiopresidenteibanez.cl\/web\/tres-viviendas-fueron-consumidas-por-el-fuego-durante-la-manana-en-el-sector-de-rio-seco\/","title":{"rendered":"TRES VIVIENDAS FUERON CONSUMIDAS POR EL FUEGO DURANTE LA MA\u00d1ANA EN EL SECTOR DE RIO SECO"},"content":{"rendered":"\n<p>A primera hora de esta ma\u00f1ana, hasta el sector de R\u00edo Seco, se debi\u00f3 dirigir voluntarios de Bomberos, para combatir las llamas que lamentablemente consumieron tres viviendas, afortunadamente no se registraron personas con alg\u00fan tipo de lesiones.<\/p>\n","protected":false},"excerpt":{"rendered":"<p>A primera hora de esta ma\u00f1ana, hasta el sector de R\u00edo Seco, se debi\u00f3 dirigir voluntarios de Bomberos, para combatir las llamas que lamentablemente consumieron tres viviendas, afortunadamente no se&#8230; <a class=\"read-more\" href=\"https:\/\/www.radiopresidenteibanez.cl\/web\/tres-viviendas-fueron-consumidas-por-el-fuego-durante-la-manana-en-el-sector-de-rio-seco\/\">Leer m\u00e1s<\/a><\/p>\n","protected":false},"author":2,"featured_media":740,"comment_status":"closed","ping_status":"closed","sticky":false,"template":"","format":"standard","meta":{"footnotes":""},"categories":[1],"tags":[],"class_list":["post-8153","post","type-post","status-publish","format-standard","has-post-thumbnail","hentry","category-cronica"],"_links":{"self":[{"href":"https:\/\/www.radiopresidenteibanez.cl\/web\/wp-json\/wp\/v2\/posts\/8153","targetHints":{"allow":["GET"]}}],"collection":[{"href":"https:\/\/www.radiopresidenteibanez.cl\/web\/wp-json\/wp\/v2\/posts"}],"about":[{"href":"https:\/\/www.radiopresidenteibanez.cl\/web\/wp-json\/wp\/v2\/types\/post"}],"author":[{"embeddable":true,"href":"https:\/\/www.radiopresidenteibanez.cl\/web\/wp-json\/wp\/v2\/users\/2"}],"replies":[{"embeddable":true,"href":"https:\/\/www.radiopresidenteibanez.cl\/web\/wp-json\/wp\/v2\/comments?post=8153"}],"version-history":[{"count":0,"href":"https:\/\/www.radiopresidenteibanez.cl\/web\/wp-json\/wp\/v2\/posts\/8153\/revisions"}],"wp:featuredmedia":[{"embeddable":true,"href":"https:\/\/www.radiopresidenteibanez.cl\/web\/wp-json\/wp\/v2\/media\/740"}],"wp:attachment":[{"href":"https:\/\/www.radiopresidenteibanez.cl\/web\/wp-json\/wp\/v2\/media?parent=8153"}],"wp:term":[{"taxonomy":"category","embeddable":true,"href":"https:\/\/www.radiopresidenteibanez.cl\/web\/wp-json\/wp\/v2\/categories?post=8153"},{"taxonomy":"post_tag","embeddable":true,"href":"https:\/\/www.radiopresidenteibanez.cl\/web\/wp-json\/wp\/v2\/tags?post=8153"}],"curies":[{"name":"wp","href":"https:\/\/api.w.org\/{rel}","templated":true}]}}