{"id":8147,"date":"2019-11-20T14:22:52","date_gmt":"2019-11-20T14:22:52","guid":{"rendered":"https:\/\/www.radiopresidenteibanez.cl\/web\/?p=8147"},"modified":"2019-11-20T14:22:56","modified_gmt":"2019-11-20T14:22:56","slug":"municipio-de-natales-promueve-el-conocimiento-y-proteccion-de-la-fauna-silvestre-en-jovenes-2","status":"publish","type":"post","link":"https:\/\/www.radiopresidenteibanez.cl\/web\/municipio-de-natales-promueve-el-conocimiento-y-proteccion-de-la-fauna-silvestre-en-jovenes-2\/","title":{"rendered":"MUNICIPIO DE NATALES  PROMUEVE EL CONOCIMIENTO Y PROTECCI\u00d3N  DE LA FAUNA SILVESTRE EN J\u00d3VENES"},"content":{"rendered":"\n<p>Gracias a las iniciativas del 6%\nFNDR 2019, actividades de car\u00e1cter protecci\u00f3n del Medio Ambiente y Educaci\u00f3n\nAmbiental financiadas por el Gobierno Regional de Magallanes y de la Ant\u00e1rtica\nChilena, el Municipio de Natales a trav\u00e9s de su unidad de Medioambiente se\nadjudic\u00f3 por un monto de 4 millones, el proyecto denominado \u201cCelebrando a la\nFauna Chilena: Salidas educativas con alumnos de establecimientos educacionales\nen \u00c1reas Protegidas de la Provincia de \u00daltima Esperanza\u201d. <\/p>\n\n\n\n<p>Entre septiembre y noviembre estudiantes\nde primero a cuarto medio de los Liceos Gabriela Mistral, Luis Cruz Mart\u00ednez,\nMar\u00eda Mazzarello y Colegio Puerto Natales participaron de charlas te\u00f3ricas\ndictadas por el m\u00e9dico veterinario especialista en Fauna Silvestre Ismael\nBarr\u00eda Oyarzo, donde se les explic\u00f3 las principales caracter\u00edsticas de la fauna\nsilvestre, en cuanto a su alimentaci\u00f3n, h\u00e1bitat y formas de desarrollo, adem\u00e1s\nde conocer&nbsp; las principales amenazas que\ncada especie presenta, a su vez se hizo \u00e9nfasis en los principios de \u201cNO DEJE\nRASTRO \u201ccomo una manera de concientizar a los j\u00f3venes sobre su rol en la\nprotecci\u00f3n y cuidado de las \u00e1reas silvestres. <\/p>\n\n\n\n<p>Posterior a las charlas, cada\ncurso realiz\u00f3 una salida a terreno a un sector del Parque Nacional Torres del\nPaine acompa\u00f1ados de un monitor, profesionales de la unidad de medioambiente\ndel municipio y docentes a cargo, para poner en pr\u00e1ctica lo aprendido en las\ncharlas te\u00f3ricas e incentivar a los estudiantes el desarrollo de actividades de\neducaci\u00f3n ambiental al aire libre.<\/p>\n\n\n\n<p>Para el alcalde de la comuna\nFernando Paredes esta instancia de participaci\u00f3n, permiten a nuestros j\u00f3venes ir\nconociendo la importancia del cuidado de nuestro medio ambiente, \u201csomos unos\nafortunados de vivir en una zona rodeada de naturaleza, pero ello implica que\ndebemos ser responsable con lo que tenemos, es por esto la importancia de un\nproyecto que nos permite entregar y traspasar el conocimiento para cuidar\nnuestro ecosistema\u201d.<\/p>\n\n\n\n<p>De esta manera, se busca alcanzar\nel objetivo del proyecto; incentivar a los j\u00f3venes a trav\u00e9s de la experiencia\nen terreno el conocimiento de la fauna chilena y las \u00e1reas silvestres presentes\nen la provincia de \u00daltima Esperanza para que promuevan su cuidado y\nconservaci\u00f3n. Finalmente, y como una manera de difundir a la comunidad el\nproyecto tendr\u00e1 como hito de cierre una exposici\u00f3n fotogr\u00e1fica realizada con\nim\u00e1genes que los mismos estudiantes registraron en cada una de las salidas a\nterreno.<\/p>\n","protected":false},"excerpt":{"rendered":"<p>Gracias a las iniciativas del 6% FNDR 2019, actividades de car\u00e1cter protecci\u00f3n del Medio Ambiente y Educaci\u00f3n Ambiental financiadas por el Gobierno Regional de Magallanes y de la Ant\u00e1rtica Chilena,&#8230; <a class=\"read-more\" href=\"https:\/\/www.radiopresidenteibanez.cl\/web\/municipio-de-natales-promueve-el-conocimiento-y-proteccion-de-la-fauna-silvestre-en-jovenes-2\/\">Leer m\u00e1s<\/a><\/p>\n","protected":false},"author":2,"featured_media":8148,"comment_status":"closed","ping_status":"closed","sticky":false,"template":"","format":"standard","meta":{"footnotes":""},"categories":[1],"tags":[],"class_list":["post-8147","post","type-post","status-publish","format-standard","has-post-thumbnail","hentry","category-cronica"],"_links":{"self":[{"href":"https:\/\/www.radiopresidenteibanez.cl\/web\/wp-json\/wp\/v2\/posts\/8147","targetHints":{"allow":["GET"]}}],"collection":[{"href":"https:\/\/www.radiopresidenteibanez.cl\/web\/wp-json\/wp\/v2\/posts"}],"about":[{"href":"https:\/\/www.radiopresidenteibanez.cl\/web\/wp-json\/wp\/v2\/types\/post"}],"author":[{"embeddable":true,"href":"https:\/\/www.radiopresidenteibanez.cl\/web\/wp-json\/wp\/v2\/users\/2"}],"replies":[{"embeddable":true,"href":"https:\/\/www.radiopresidenteibanez.cl\/web\/wp-json\/wp\/v2\/comments?post=8147"}],"version-history":[{"count":0,"href":"https:\/\/www.radiopresidenteibanez.cl\/web\/wp-json\/wp\/v2\/posts\/8147\/revisions"}],"wp:featuredmedia":[{"embeddable":true,"href":"https:\/\/www.radiopresidenteibanez.cl\/web\/wp-json\/wp\/v2\/media\/8148"}],"wp:attachment":[{"href":"https:\/\/www.radiopresidenteibanez.cl\/web\/wp-json\/wp\/v2\/media?parent=8147"}],"wp:term":[{"taxonomy":"category","embeddable":true,"href":"https:\/\/www.radiopresidenteibanez.cl\/web\/wp-json\/wp\/v2\/categories?post=8147"},{"taxonomy":"post_tag","embeddable":true,"href":"https:\/\/www.radiopresidenteibanez.cl\/web\/wp-json\/wp\/v2\/tags?post=8147"}],"curies":[{"name":"wp","href":"https:\/\/api.w.org\/{rel}","templated":true}]}}