{"id":8132,"date":"2019-11-20T14:10:23","date_gmt":"2019-11-20T14:10:23","guid":{"rendered":"https:\/\/www.radiopresidenteibanez.cl\/web\/?p=8132"},"modified":"2019-11-20T14:10:27","modified_gmt":"2019-11-20T14:10:27","slug":"hospital-mas-austral-del-mundo-es-acreditado-en-calidad-por-super-de-salud","status":"publish","type":"post","link":"https:\/\/www.radiopresidenteibanez.cl\/web\/hospital-mas-austral-del-mundo-es-acreditado-en-calidad-por-super-de-salud\/","title":{"rendered":"HOSPITAL M\u00c1S AUSTRAL DEL MUNDO ES ACREDITADO EN CALIDAD POR SUPER DE SALUD"},"content":{"rendered":"\n<p>Como\nun verdadero hito de la salud p\u00fablica de la regi\u00f3n de Magallanes, es definida la\nreciente acreditaci\u00f3n en calidad del Hospital Comunitario Cristina Calder\u00f3n de\nPuerto Williams, entregada por la\nSuperintendencia de Salud; acreditaci\u00f3n que respondi\u00f3 a un arduo proceso de\ntrabajo del equipo de salud local.<\/p>\n\n\n\n<p>En\neste sentido, el director del Servicio de Salud Magallanes, junto con reiterar\nsus felicitaciones a todo el equipo humano que se desempe\u00f1a en el\nestablecimiento de salud m\u00e1s austral del mundo, coment\u00f3 que, \u201ccon esta\nacreditaci\u00f3n se asegura a la poblaci\u00f3n en general que las prestaciones entregadas\nen el establecimiento cuentan con los est\u00e1ndares requeridos, brindando a\nnuestros usuarios un mayor est\u00e1ndar de servicio y atenci\u00f3n\u201d, puntualiz\u00f3 Nelson\nReyes.<\/p>\n\n\n\n<p>Agregando\nel directivo que, cada acreditaci\u00f3n involucra un gran trabajo por parte de los\nequipos profesionales, t\u00e9cnicos, administrativos y auxiliares de los\nestablecimientos de salud, en el entendido que todos pueden ser consultados por\nlos evaluadores, quedando en evidencia que en salud no se puede improvisar. \u201cReiterar\nque estamos preocupados y ocupados en entregar una mejor atenci\u00f3n a nuestros\nusuarios, por lo que contamos m\u00e1s all\u00e1 de una excelente infraestructura con funcionarios\ncomprometidos en nuestra Red Asistencial y este hito da fe de ello\u201d, indic\u00f3 la\nautoridad de salud. <\/p>\n\n\n\n<p>Por\nsu parte, Macarena Ortega, directora (s) del Hospital de Puerto Williams,\nse\u00f1al\u00f3 que, como funcionarios hospitalarios se encuentran felices por el proceso\nque concluy\u00f3 con mucho \u00e9xito. \u201cY se logr\u00f3 gracias al esfuerzo de los\nfuncionarios del hospital y de toda la red que nos apoy\u00f3, sin duda todos\nquienes hemos sido participes estamos orgullosos\u201d, puntualiz\u00f3 la profesional,\nenfatizando a su vez que, la idea es continuar trabajando y en tres a\u00f1os m\u00e1s\nvolver a re acreditar y seguir por el mismo camino. <\/p>\n\n\n\n<p>Destacar\nque la calidad de Acreditado al hospital m\u00e1s austral del mundo, se efect\u00faa en\nvirtud de haber dado cumplimiento a las normas del est\u00e1ndar general de\nacreditaci\u00f3n para prestadores institucionales de atenci\u00f3n cerrada, aprobado por\nel Decreto Exento N\u00b018 del a\u00f1o 2009 del Ministerio de Salud, al haberse\nconstatado que dicho prestador cumple con el 100% de las caracter\u00edsticas\nobligatorias que le eran aplicables.<\/p>\n","protected":false},"excerpt":{"rendered":"<p>Como un verdadero hito de la salud p\u00fablica de la regi\u00f3n de Magallanes, es definida la reciente acreditaci\u00f3n en calidad del Hospital Comunitario Cristina Calder\u00f3n de Puerto Williams, entregada por&#8230; <a class=\"read-more\" href=\"https:\/\/www.radiopresidenteibanez.cl\/web\/hospital-mas-austral-del-mundo-es-acreditado-en-calidad-por-super-de-salud\/\">Leer m\u00e1s<\/a><\/p>\n","protected":false},"author":2,"featured_media":8133,"comment_status":"closed","ping_status":"closed","sticky":false,"template":"","format":"standard","meta":{"footnotes":""},"categories":[1],"tags":[],"class_list":["post-8132","post","type-post","status-publish","format-standard","has-post-thumbnail","hentry","category-cronica"],"_links":{"self":[{"href":"https:\/\/www.radiopresidenteibanez.cl\/web\/wp-json\/wp\/v2\/posts\/8132","targetHints":{"allow":["GET"]}}],"collection":[{"href":"https:\/\/www.radiopresidenteibanez.cl\/web\/wp-json\/wp\/v2\/posts"}],"about":[{"href":"https:\/\/www.radiopresidenteibanez.cl\/web\/wp-json\/wp\/v2\/types\/post"}],"author":[{"embeddable":true,"href":"https:\/\/www.radiopresidenteibanez.cl\/web\/wp-json\/wp\/v2\/users\/2"}],"replies":[{"embeddable":true,"href":"https:\/\/www.radiopresidenteibanez.cl\/web\/wp-json\/wp\/v2\/comments?post=8132"}],"version-history":[{"count":0,"href":"https:\/\/www.radiopresidenteibanez.cl\/web\/wp-json\/wp\/v2\/posts\/8132\/revisions"}],"wp:featuredmedia":[{"embeddable":true,"href":"https:\/\/www.radiopresidenteibanez.cl\/web\/wp-json\/wp\/v2\/media\/8133"}],"wp:attachment":[{"href":"https:\/\/www.radiopresidenteibanez.cl\/web\/wp-json\/wp\/v2\/media?parent=8132"}],"wp:term":[{"taxonomy":"category","embeddable":true,"href":"https:\/\/www.radiopresidenteibanez.cl\/web\/wp-json\/wp\/v2\/categories?post=8132"},{"taxonomy":"post_tag","embeddable":true,"href":"https:\/\/www.radiopresidenteibanez.cl\/web\/wp-json\/wp\/v2\/tags?post=8132"}],"curies":[{"name":"wp","href":"https:\/\/api.w.org\/{rel}","templated":true}]}}