{"id":8129,"date":"2019-11-20T14:08:16","date_gmt":"2019-11-20T14:08:16","guid":{"rendered":"https:\/\/www.radiopresidenteibanez.cl\/web\/?p=8129"},"modified":"2019-11-20T14:08:20","modified_gmt":"2019-11-20T14:08:20","slug":"fuerza-aerea-realiza-evacuacion-aeromedica-desde-la-antartica","status":"publish","type":"post","link":"https:\/\/www.radiopresidenteibanez.cl\/web\/fuerza-aerea-realiza-evacuacion-aeromedica-desde-la-antartica\/","title":{"rendered":"FUERZA A\u00c9REA REALIZA EVACUACI\u00d3N AEROM\u00c9DICA DESDE LA ANT\u00c1RTICA"},"content":{"rendered":"\n<p>Este martes 19 de noviembre, la Fuerza A\u00e9rea de Chile\nrealiz\u00f3 una evacuaci\u00f3n aerom\u00e9dica en el territorio ant\u00e1rtico, trasladando a un funcionario\ndel Ej\u00e9rcito en un helic\u00f3ptero Bell 412, desde la Base General Bernardo O\u00b4Higgins\nhasta la Base A\u00e9rea Presidente Eduardo Frei Montalva, para luego ser\nevacuado r\u00e1pidamente a Punta Arenas a bordo de una aeronave C-130 H\u00e9rcules.<\/p>\n\n\n\n<p>La operaci\u00f3n se realiz\u00f3 de\nmanera exitosa, trasladando oportunamente al efectivo militar, quien sufri\u00f3 una\nfractura de su antebrazo derecho y requer\u00eda de atenci\u00f3n m\u00e9dica.<\/p>\n\n\n\n<p>El Comandante en Jefe de la IV<sup>a<\/sup>\nBrigada A\u00e9rea, General de Brigada A\u00e9rea (A) Eduardo Mosqueira Cruz, destac\u00f3 la r\u00e1pida\nreacci\u00f3n y el\ntrabajo coordinado para llevar a cabo la operaci\u00f3n, permitiendo, una vez m\u00e1s, disponer\nlos medios a\u00e9reos institucionales para prestar apoyo y salvaguardar la vida de\nlas personas que se encuentran en este inh\u00f3spito territorio.<\/p>\n","protected":false},"excerpt":{"rendered":"<p>Este martes 19 de noviembre, la Fuerza A\u00e9rea de Chile realiz\u00f3 una evacuaci\u00f3n aerom\u00e9dica en el territorio ant\u00e1rtico, trasladando a un funcionario del Ej\u00e9rcito en un helic\u00f3ptero Bell 412, desde&#8230; <a class=\"read-more\" href=\"https:\/\/www.radiopresidenteibanez.cl\/web\/fuerza-aerea-realiza-evacuacion-aeromedica-desde-la-antartica\/\">Leer m\u00e1s<\/a><\/p>\n","protected":false},"author":2,"featured_media":8130,"comment_status":"closed","ping_status":"closed","sticky":false,"template":"","format":"standard","meta":{"footnotes":""},"categories":[1],"tags":[],"class_list":["post-8129","post","type-post","status-publish","format-standard","has-post-thumbnail","hentry","category-cronica"],"_links":{"self":[{"href":"https:\/\/www.radiopresidenteibanez.cl\/web\/wp-json\/wp\/v2\/posts\/8129","targetHints":{"allow":["GET"]}}],"collection":[{"href":"https:\/\/www.radiopresidenteibanez.cl\/web\/wp-json\/wp\/v2\/posts"}],"about":[{"href":"https:\/\/www.radiopresidenteibanez.cl\/web\/wp-json\/wp\/v2\/types\/post"}],"author":[{"embeddable":true,"href":"https:\/\/www.radiopresidenteibanez.cl\/web\/wp-json\/wp\/v2\/users\/2"}],"replies":[{"embeddable":true,"href":"https:\/\/www.radiopresidenteibanez.cl\/web\/wp-json\/wp\/v2\/comments?post=8129"}],"version-history":[{"count":0,"href":"https:\/\/www.radiopresidenteibanez.cl\/web\/wp-json\/wp\/v2\/posts\/8129\/revisions"}],"wp:featuredmedia":[{"embeddable":true,"href":"https:\/\/www.radiopresidenteibanez.cl\/web\/wp-json\/wp\/v2\/media\/8130"}],"wp:attachment":[{"href":"https:\/\/www.radiopresidenteibanez.cl\/web\/wp-json\/wp\/v2\/media?parent=8129"}],"wp:term":[{"taxonomy":"category","embeddable":true,"href":"https:\/\/www.radiopresidenteibanez.cl\/web\/wp-json\/wp\/v2\/categories?post=8129"},{"taxonomy":"post_tag","embeddable":true,"href":"https:\/\/www.radiopresidenteibanez.cl\/web\/wp-json\/wp\/v2\/tags?post=8129"}],"curies":[{"name":"wp","href":"https:\/\/api.w.org\/{rel}","templated":true}]}}