{"id":8123,"date":"2019-11-20T13:58:03","date_gmt":"2019-11-20T13:58:03","guid":{"rendered":"https:\/\/www.radiopresidenteibanez.cl\/web\/?p=8123"},"modified":"2019-11-20T13:58:07","modified_gmt":"2019-11-20T13:58:07","slug":"core-aprobo-mas-de-26-mil-millones-para-construccion-centro-de-salud-mental-geriatrico-y-reposicion-cesfam-thomas-fenton","status":"publish","type":"post","link":"https:\/\/www.radiopresidenteibanez.cl\/web\/core-aprobo-mas-de-26-mil-millones-para-construccion-centro-de-salud-mental-geriatrico-y-reposicion-cesfam-thomas-fenton\/","title":{"rendered":"CORE APROB\u00d3 M\u00c1S DE 26 MIL MILLONES PARA CONSTRUCCI\u00d3N CENTRO DE SALUD MENTAL &#8211; GERI\u00c1TRICO Y REPOSICI\u00d3N CESFAM THOMAS FENTON"},"content":{"rendered":"\n<p>Con la\nsatisfacci\u00f3n de ir por buen camino y avanzar desde el \u00e1mbito de sus\natribuciones en dar respuesta a parte de las demandas ciudadanas, el Consejo\nRegional aprob\u00f3 este lunes recursos que permitir\u00e1n concretar proyectos que\nsignifican mejoras sustanciales en el \u00e1rea de salud, educaci\u00f3n, vivienda y urbanismo.\nLos consejeros valoraron la voluntad del ejecutivo regional y reiteraron la necesidad\nde acompa\u00f1ar las mejoras en infraestructura con una buena gesti\u00f3n y administraci\u00f3n.<\/p>\n\n\n\n<p>En el\n\u00e1mbito de la salud, las initivas aprobadas corresponden a la \u201cConstrucci\u00f3n del\nCentro de Salud Mental y Geri\u00e1trico Punta Arenas\u201d, por un monto de 21 mil 938\nmillones 105 mil pesos, &nbsp;la \u201cReposici\u00f3n\nCESFAM Thomas Fenton\u201d, para el cual ser\u00e1n destinados 4 mil 477 millones 239 mil\npesos y&nbsp; 79 millones de pesos para la \u201cAdquisici\u00f3n\nde Equipo para Laboratorio de Alcoholemia del Servicio M\u00e9dico Legal\u201d.<\/p>\n\n\n\n<p>El\npresidente del CORE, Alejandro Kusanovic, coment\u00f3 que junto al Intendente, Jos\u00e9\nFern\u00e1ndez, han acordado priorizar proyectos que tengan impacto social \u201cvemos la\nimportancia que tiene gastar bien los recursos en cosas que realmente sean de\nutilidad y el Estado de Chile tiene que ponerse a la altura y generar\niniciativas &nbsp;que beneficien a las personas\ny a la regi\u00f3n\u201d. <\/p>\n\n\n\n<p>Por su\nparte el presidente de Infraestructura, Miguel Sierpe, manifest\u00f3 \u201ces un d\u00eda muy\nespecial sobre todo para la comisi\u00f3n que presido y para la comisi\u00f3n del Convenio&nbsp; entre el Gobierno Regional y el ministerio de\nSalud. Hoy avanzamos con un proyecto que data de ocho a\u00f1os como lo es el centro\nde salud mental y geriatr\u00eda y tenemos que bregar para que esta inversi\u00f3n sea\nratificada y percibida por la comunidad y junto a ello la reinstalaci\u00f3n del\nconsultorio Thomas Fenton en las ex instalaciones del Centro de Rehabilitaci\u00f3n en\ncalle Suiza permitir\u00e1 atender a doce mil usuarios. El Consejo Regional junto al\nIntendente han establecido un criterio de prioridad m\u00e1s acorde a las exigencias\ny necedades de la poblaci\u00f3n\u201d, afirm\u00f3. <\/p>\n\n\n\n<p>En\ntanto el consejero regional, Ram\u00f3n Lobos, se\u00f1al\u00f3 \u201cm\u00e1s que como consejero, voy a\nhablar como m\u00e9dico geriatra en t\u00e9rminos de que una queja permanente de la ciudadan\u00eda\nes la tardanza y la demora en que los proyectos llegan finalmente a las\npersonas. La demora del Estado es tal que la alegr\u00eda de aprobar hoy es una\nexcelente notica porque va a significar un cambio de paradigma en los cuidados para\nlas personas mayores y para los beneficiarios del centro de salud. Esto llega\ncon tal retraso que ha sido copiado en otros dos servicios de salud y cuando\nsomos pioneros en se\u00f1alar iniciativas de impacto para nuestra comunidad no es\nlo mismo llegar terceros\u201d, insisti\u00f3. <\/p>\n\n\n\n<p>En el\n\u00e1rea educaci\u00f3n fueron sancionados favorablemente los recursos para los dise\u00f1os\ndel \u201cMejoramiento y Reposici\u00f3n Escuela Pedro Pablo Lemetre Punta Arenas\u201d, por\nun monto de 489 millones 581 mil pesos y de la \u201cEscuela Rep\u00fablica Argentina\u201d\npor 256 millones 754 mil pesos. <\/p>\n\n\n\n<p>La consejera,\nRoxana Gallardo, si bien respaldo ambas iniciativas manifest\u00f3 su preocupaci\u00f3n en\ncuanto a la urgente necesidad de mejorar la gesti\u00f3n y administraci\u00f3n en\neducaci\u00f3n p\u00fablica \u201ccreo que la infraestructura no es el mayor problema de los colegios\nen nuestra regi\u00f3n ya que si bien invertimos en mejoras y mobiliarios, gimnasios,\ntecnolog\u00edas, etc\u00e9tera, ello no se condice con los resultados acad\u00e9micos. Vemos colegios\nparticulares que funcionan en casas peque\u00f1as con resultados muy superiores. Hay\nun problema de administraci\u00f3n ya que en educaci\u00f3n como en otros temas nadie se\natreve a tomar medidas que pueden resultar poco populares\u201d.<\/p>\n\n\n\n<p>El\npresidente del CORE, Alejandro Kusanovic, respald\u00f3 la opini\u00f3n de la consejera\nGallardo,&nbsp; \u201cestoy de acuerdo que muchas\nveces el tema no es la infraestructura sino la gesti\u00f3n, no podemos seguir con\nuna mala administraci\u00f3n en el funcionamiento de &nbsp;sectores como salud y educaci\u00f3n\u201d, asever\u00f3. <\/p>\n\n\n\n<p>Finalmente\nen la oportunidad tambi\u00e9n se aprobaron recursos que permitir\u00e1n llevar adelante\nproyectos del \u00e1rea vivienda y urbanismo, tales como el \u201cMejoramiento de calle\nLas Heras (Vergara- Costanera) Punta Arenas\u201d, por un monto de 882 millones 399\nmil pesos. \u201cMejoramiento diversas calles sector Centro Sur Punta Arenas\u201d, por\n333 millones 94 mil pesos, \u201cConstrucci\u00f3n sede Social Junta de Vecinos N\u00b039 Sendero\nAustral\u201d, con una inversi\u00f3n de 183 millones 037 mil pesos, dise\u00f1o del proyecto\n\u201cConstrucci\u00f3n Loteos Habitacionales 120 viviendas Puerto Natales\u201d y el \u201cSaneamiento\nT\u00edtulos de Dominio peque\u00f1a propiedad ra\u00edz regi\u00f3n de Magallanes\u201d, &nbsp;que significa una inversi\u00f3n de 271 millones\n387 mil pesos. &nbsp;Los recursos para todos\nestos proyectos provienen de las arcas regionales, Fondo Nacional de Desarrollo\nRegional, FNDR, 2019- 2020. <\/p>\n","protected":false},"excerpt":{"rendered":"<p>Con la satisfacci\u00f3n de ir por buen camino y avanzar desde el \u00e1mbito de sus atribuciones en dar respuesta a parte de las demandas ciudadanas, el Consejo Regional aprob\u00f3 este&#8230; <a class=\"read-more\" href=\"https:\/\/www.radiopresidenteibanez.cl\/web\/core-aprobo-mas-de-26-mil-millones-para-construccion-centro-de-salud-mental-geriatrico-y-reposicion-cesfam-thomas-fenton\/\">Leer m\u00e1s<\/a><\/p>\n","protected":false},"author":2,"featured_media":8124,"comment_status":"closed","ping_status":"closed","sticky":false,"template":"","format":"standard","meta":{"footnotes":""},"categories":[1],"tags":[],"class_list":["post-8123","post","type-post","status-publish","format-standard","has-post-thumbnail","hentry","category-cronica"],"_links":{"self":[{"href":"https:\/\/www.radiopresidenteibanez.cl\/web\/wp-json\/wp\/v2\/posts\/8123","targetHints":{"allow":["GET"]}}],"collection":[{"href":"https:\/\/www.radiopresidenteibanez.cl\/web\/wp-json\/wp\/v2\/posts"}],"about":[{"href":"https:\/\/www.radiopresidenteibanez.cl\/web\/wp-json\/wp\/v2\/types\/post"}],"author":[{"embeddable":true,"href":"https:\/\/www.radiopresidenteibanez.cl\/web\/wp-json\/wp\/v2\/users\/2"}],"replies":[{"embeddable":true,"href":"https:\/\/www.radiopresidenteibanez.cl\/web\/wp-json\/wp\/v2\/comments?post=8123"}],"version-history":[{"count":0,"href":"https:\/\/www.radiopresidenteibanez.cl\/web\/wp-json\/wp\/v2\/posts\/8123\/revisions"}],"wp:featuredmedia":[{"embeddable":true,"href":"https:\/\/www.radiopresidenteibanez.cl\/web\/wp-json\/wp\/v2\/media\/8124"}],"wp:attachment":[{"href":"https:\/\/www.radiopresidenteibanez.cl\/web\/wp-json\/wp\/v2\/media?parent=8123"}],"wp:term":[{"taxonomy":"category","embeddable":true,"href":"https:\/\/www.radiopresidenteibanez.cl\/web\/wp-json\/wp\/v2\/categories?post=8123"},{"taxonomy":"post_tag","embeddable":true,"href":"https:\/\/www.radiopresidenteibanez.cl\/web\/wp-json\/wp\/v2\/tags?post=8123"}],"curies":[{"name":"wp","href":"https:\/\/api.w.org\/{rel}","templated":true}]}}