{"id":8120,"date":"2019-11-20T13:54:54","date_gmt":"2019-11-20T13:54:54","guid":{"rendered":"https:\/\/www.radiopresidenteibanez.cl\/web\/?p=8120"},"modified":"2019-11-20T13:54:57","modified_gmt":"2019-11-20T13:54:57","slug":"municipio-natalino-recibe-documento-con-las-demandas-ciudadanas-expresada-en-los-dialogos-de-natales-participa","status":"publish","type":"post","link":"https:\/\/www.radiopresidenteibanez.cl\/web\/municipio-natalino-recibe-documento-con-las-demandas-ciudadanas-expresada-en-los-dialogos-de-natales-participa\/","title":{"rendered":"MUNICIPIO NATALINO RECIBE DOCUMENTO CON LAS DEMANDAS CIUDADANAS EXPRESADA EN LOS DIALOGOS DE \u201cNATALES PARTICIPA\u201d"},"content":{"rendered":"\n<p>Como un gran hito calific\u00f3 el Alcalde\nde la Comuna de Natales Fernando Paredes tras recibir todas las demandas\nplanteadas por los vecinos, quienes durante un mes aproximadamente estuvieron\ntrabajando en los diversos Di\u00e1logos Ciudadanos que organiz\u00f3 la Municipalidad de\nNatales.<\/p>\n\n\n\n<p>En sesi\u00f3n extraordinaria de\nConcejo Municipal estuvieron los representantes de las seis mesas tem\u00e1ticas,\nSocial, Salud, Educaci\u00f3n, Trabajo y Econom\u00eda, Medio Ambiente y Adulto Mayor,\nquienes plantearon y explicaron como fue el proceso, dando a conocer adem\u00e1s\ncuales fueron los principales temas discutidos en cada una de las mesas.<\/p>\n\n\n\n<p>Para el alcalde de la comuna,\neste momento se convierte en un gran hito ciudadano, ya que desde el primer d\u00eda\nse destac\u00f3 el compromiso c\u00edvico de los vecinos, \u201clo dije desde el primer d\u00eda\nque iniciamos estos di\u00e1logos ciudadanos, aqu\u00ed debemos escuchar a la gente,\ndebemos escuchar sus demandas, tenemos que encausar los problemas y trabajar\npor mesas tem\u00e1ticas de tal forma que podamos ordenar las principales\nnecesidades que tienen los vecinos hoy d\u00eda. Quiero agradecer p\u00fablicamente a\ntodos quienes participaron en estas jornadas de conversatorio, en reuniones\nfocalizadas con diversos grupos, quienes participaron a trav\u00e9s de la encuesta\nOnline, en definitiva toda la comunidad que realizo un ejercicio muy necesario,\nen el cual ten\u00edamos que generar estos espacios para entender la realidad de las\ndemandas de nuestra comunidad\u201d.<\/p>\n\n\n\n<p>La recepci\u00f3n de todas las demandas\ntrabajadas por tem\u00e1ticas ser\u00e1 ahora sistematizada para generar un documento\noficial con cada una de las &nbsp;soluciones de\nlos vecinos y organizaciones. El jefe comunal se\u00f1al\u00f3 que todo el trabajo que se\nrealiz\u00f3 durante un mes no solo quedar\u00e1 en un papel,&nbsp; manifestando que este trabajo debe tener una\ncontinuidad y ser\u00e1 la ciudadan\u00eda junto al municipio los responsables de hacer\nun seguimiento a estas demandas, \u201cesto no fue un tiempo perdido, aqu\u00ed se ocup\u00f3\nun tiempo muy valioso de los vecinos y eso hay que reconocerlo y quedar\u00e1\nplasmado en algo hist\u00f3rico para nuestra comuna\u201d.<\/p>\n\n\n\n<p>Rene Gomez representante de la\nmesa de educaci\u00f3n, destac\u00f3 la instancia de dialogo participativo, considerando\nque siempre es positivo&nbsp; la necesidad de\nescuchar a los actores que participaron de esta iniciativa, &nbsp;desde su mirada se\u00f1al\u00f3 que la educaci\u00f3n debe\ntener un proceso multifactorial&nbsp; deben\nexistir muchos factores para que incidan en la concreci\u00f3n de dichos procesos.<\/p>\n\n\n\n<p>Muchas han sido las instancias de\nparticipaci\u00f3n de la comunidad en general que se han realizado en Puerto\nNatales, a trav\u00e9s de cabildos ciudadanos, di\u00e1logos auto convocados\nespont\u00e1neamente, jornadas de reflexi\u00f3n organizadas por diversas organizaciones\ntales como la uni\u00f3n comunal de Juntas de Vecinos, Colegio de Profesores,\nestablecimientos educacionales, entre otras. En este sentido Fernando Paredes\nhizo un llamado a todas las organizaciones que han realizado estos encuentros\npara recopilar las demandas de la ciudadan\u00eda, lo puedan hacer llegar al\nmunicipio, con el objetivo de poder contribuir e incluirlo a una gran demanda\ncomunal, la que ser\u00e1 presentada el pr\u00f3ximo 6 de diciembre, donde formalmente se\nentregar\u00e1 el documento oficial a las principales autoridades regionales y\nnacionales.<\/p>\n\n\n\n<p>Finalmente la m\u00e1xima autoridad\ncomunal expres\u00f3 que hoy Puerto Natales ha dado un gran ejemplo de\nparticipaci\u00f3n, indicando que paralelamente exist\u00eda una real instancia de consulta\nciudadana nacional con los municipios a nivel pa\u00eds, la que actualmente se\nencuentra moment\u00e1neamente sus pendida debido al anuncio de realizar un\nplebiscito nacional, enfatizando que nuestra Municipalidad continuar\u00e1\ntrabajando por llevar estas demandas a las autoridades nacionales.<\/p>\n","protected":false},"excerpt":{"rendered":"<p>Como un gran hito calific\u00f3 el Alcalde de la Comuna de Natales Fernando Paredes tras recibir todas las demandas planteadas por los vecinos, quienes durante un mes aproximadamente estuvieron trabajando&#8230; <a class=\"read-more\" href=\"https:\/\/www.radiopresidenteibanez.cl\/web\/municipio-natalino-recibe-documento-con-las-demandas-ciudadanas-expresada-en-los-dialogos-de-natales-participa\/\">Leer m\u00e1s<\/a><\/p>\n","protected":false},"author":2,"featured_media":8121,"comment_status":"closed","ping_status":"closed","sticky":false,"template":"","format":"standard","meta":{"footnotes":""},"categories":[1],"tags":[],"class_list":["post-8120","post","type-post","status-publish","format-standard","has-post-thumbnail","hentry","category-cronica"],"_links":{"self":[{"href":"https:\/\/www.radiopresidenteibanez.cl\/web\/wp-json\/wp\/v2\/posts\/8120","targetHints":{"allow":["GET"]}}],"collection":[{"href":"https:\/\/www.radiopresidenteibanez.cl\/web\/wp-json\/wp\/v2\/posts"}],"about":[{"href":"https:\/\/www.radiopresidenteibanez.cl\/web\/wp-json\/wp\/v2\/types\/post"}],"author":[{"embeddable":true,"href":"https:\/\/www.radiopresidenteibanez.cl\/web\/wp-json\/wp\/v2\/users\/2"}],"replies":[{"embeddable":true,"href":"https:\/\/www.radiopresidenteibanez.cl\/web\/wp-json\/wp\/v2\/comments?post=8120"}],"version-history":[{"count":0,"href":"https:\/\/www.radiopresidenteibanez.cl\/web\/wp-json\/wp\/v2\/posts\/8120\/revisions"}],"wp:featuredmedia":[{"embeddable":true,"href":"https:\/\/www.radiopresidenteibanez.cl\/web\/wp-json\/wp\/v2\/media\/8121"}],"wp:attachment":[{"href":"https:\/\/www.radiopresidenteibanez.cl\/web\/wp-json\/wp\/v2\/media?parent=8120"}],"wp:term":[{"taxonomy":"category","embeddable":true,"href":"https:\/\/www.radiopresidenteibanez.cl\/web\/wp-json\/wp\/v2\/categories?post=8120"},{"taxonomy":"post_tag","embeddable":true,"href":"https:\/\/www.radiopresidenteibanez.cl\/web\/wp-json\/wp\/v2\/tags?post=8120"}],"curies":[{"name":"wp","href":"https:\/\/api.w.org\/{rel}","templated":true}]}}