{"id":8109,"date":"2019-11-19T14:33:48","date_gmt":"2019-11-19T14:33:48","guid":{"rendered":"https:\/\/www.radiopresidenteibanez.cl\/web\/?p=8109"},"modified":"2019-11-19T14:33:53","modified_gmt":"2019-11-19T14:33:53","slug":"nuevo-seremi-de-educacion-en-magallanes-viene-desde-santiago-y-reemplazara-a-beatriz-sanchez-por-su-parte-el-intendente-expreso-desconocer-si-habra-mas-cambios","status":"publish","type":"post","link":"https:\/\/www.radiopresidenteibanez.cl\/web\/nuevo-seremi-de-educacion-en-magallanes-viene-desde-santiago-y-reemplazara-a-beatriz-sanchez-por-su-parte-el-intendente-expreso-desconocer-si-habra-mas-cambios\/","title":{"rendered":"NUEVO SEREMI DE EDUCACI\u00d3N EN MAGALLANES VIENE DESDE SANTIAGO Y REEMPLAZAR\u00c1 A BEATRIZ S\u00c1NCHEZ, POR SU PARTE EL INTENDENTE EXPRES\u00d3 DESCONOCER SI HABR\u00c1 M\u00c1S CAMBIOS"},"content":{"rendered":"\n<p>El d\u00eda de ayer lunes, se dio a conocer el cambio de seremi\nen la cartera de educaci\u00f3n en la regi\u00f3n de Magallanes y Ant\u00e1rtica Chilena, esto\nluego de que le pidieran la renuncia desde la capital a Beatriz S\u00e1nchez Ca\u00f1ete,\nquien se desempe\u00f1o en el cargo desde el pasado mes de febrero ante la salida\ndel ahora Gobernador de la provincia Ant\u00e1rtica, Nelson C\u00e1rcamo.<\/p>\n\n\n\n<p>En reemplazo de S\u00e1nchez, llegar\u00e1 desde Santiago, Rodrigo\nSep\u00falveda Tagle, profesor titulado en la Universidad Cat\u00f3lica del Maule y que\nse desempe\u00f1aba en el Instituto Santo Tom\u00e1s de Santiago.<\/p>\n\n\n\n<p>Cabe mencionar que la ahora ex seremi de educaci\u00f3n, fue\nbastante criticada por no estar presentes en los momentos m\u00e1s dif\u00edciles del \u00e1rea\nde la educaci\u00f3n, as\u00ed tambi\u00e9n por no tener acercamiento con los docentes.<\/p>\n\n\n\n<p>Ante la posibilidad de realizar m\u00e1s cambios el intendente de\nMagallanes, Jos\u00e9 Fern\u00e1ndez, expres\u00f3 que los cambios se est\u00e1n realizando desde\nnivel central \u201cno tengo la posibilidad de conversar con los ministros, ellos\ndeben ver los posibles cambios, a m\u00ed en este me avisaron\u201d.<\/p>\n\n\n\n<p>Finalmente, a\u00fan no puede asumir el nuevo seremi debido a que\nBeatriz S\u00e1nchez se encuentra con licencia m\u00e9dica.<\/p>\n","protected":false},"excerpt":{"rendered":"<p>El d\u00eda de ayer lunes, se dio a conocer el cambio de seremi en la cartera de educaci\u00f3n en la regi\u00f3n de Magallanes y Ant\u00e1rtica Chilena, esto luego de que&#8230; <a class=\"read-more\" href=\"https:\/\/www.radiopresidenteibanez.cl\/web\/nuevo-seremi-de-educacion-en-magallanes-viene-desde-santiago-y-reemplazara-a-beatriz-sanchez-por-su-parte-el-intendente-expreso-desconocer-si-habra-mas-cambios\/\">Leer m\u00e1s<\/a><\/p>\n","protected":false},"author":2,"featured_media":5743,"comment_status":"closed","ping_status":"closed","sticky":false,"template":"","format":"standard","meta":{"footnotes":""},"categories":[1],"tags":[],"class_list":["post-8109","post","type-post","status-publish","format-standard","has-post-thumbnail","hentry","category-cronica"],"_links":{"self":[{"href":"https:\/\/www.radiopresidenteibanez.cl\/web\/wp-json\/wp\/v2\/posts\/8109","targetHints":{"allow":["GET"]}}],"collection":[{"href":"https:\/\/www.radiopresidenteibanez.cl\/web\/wp-json\/wp\/v2\/posts"}],"about":[{"href":"https:\/\/www.radiopresidenteibanez.cl\/web\/wp-json\/wp\/v2\/types\/post"}],"author":[{"embeddable":true,"href":"https:\/\/www.radiopresidenteibanez.cl\/web\/wp-json\/wp\/v2\/users\/2"}],"replies":[{"embeddable":true,"href":"https:\/\/www.radiopresidenteibanez.cl\/web\/wp-json\/wp\/v2\/comments?post=8109"}],"version-history":[{"count":0,"href":"https:\/\/www.radiopresidenteibanez.cl\/web\/wp-json\/wp\/v2\/posts\/8109\/revisions"}],"wp:featuredmedia":[{"embeddable":true,"href":"https:\/\/www.radiopresidenteibanez.cl\/web\/wp-json\/wp\/v2\/media\/5743"}],"wp:attachment":[{"href":"https:\/\/www.radiopresidenteibanez.cl\/web\/wp-json\/wp\/v2\/media?parent=8109"}],"wp:term":[{"taxonomy":"category","embeddable":true,"href":"https:\/\/www.radiopresidenteibanez.cl\/web\/wp-json\/wp\/v2\/categories?post=8109"},{"taxonomy":"post_tag","embeddable":true,"href":"https:\/\/www.radiopresidenteibanez.cl\/web\/wp-json\/wp\/v2\/tags?post=8109"}],"curies":[{"name":"wp","href":"https:\/\/api.w.org\/{rel}","templated":true}]}}