{"id":8106,"date":"2019-11-19T14:19:03","date_gmt":"2019-11-19T14:19:03","guid":{"rendered":"https:\/\/www.radiopresidenteibanez.cl\/web\/?p=8106"},"modified":"2019-11-19T14:19:05","modified_gmt":"2019-11-19T14:19:05","slug":"salud-y-economia-anuncian-medidas-para-apoyar-a-micro-pequenas-y-medianas-empresas-en-magallanes","status":"publish","type":"post","link":"https:\/\/www.radiopresidenteibanez.cl\/web\/salud-y-economia-anuncian-medidas-para-apoyar-a-micro-pequenas-y-medianas-empresas-en-magallanes\/","title":{"rendered":"SALUD Y ECONOM\u00cdA ANUNCIAN MEDIDAS PARA APOYAR A MICRO, PEQUE\u00d1AS Y MEDIANAS EMPRESAS EN MAGALLANES"},"content":{"rendered":"\n<p>Con\nel fin de apoyar a las personas que tienen sus propios emprendimientos y que se\nhan visto afectados por la contingencia que vive el pa\u00eds, los Ministerios de\nSalud y Econom\u00eda anunciaron una serie de medidas para las micro, peque\u00f1as y\nmedianas empresas, las que consisten en la disminuci\u00f3n de los aranceles para la\nobtenci\u00f3n de las autorizaciones sanitarias y facilitar el acceso para que las\npersonas puedan realizar tr\u00e1mites v\u00eda online.<\/p>\n\n\n\n<p>Al\nrespecto, la SEREMI de Salud de Magallanes, Mariela Rojas, explic\u00f3 que es una\nbuena noticia y en lo que compete a la Autoridad Sanitaria se trata de reforzar\nel portal online que ahora se denomina http:\/\/seremienlinea.minsal.cl,\ndetallando que \u201ca trav\u00e9s de este se podr\u00e1 acceder a diversos tr\u00e1mites que se\nencuentran digitalizados,&nbsp; para poder realizar\nestos tr\u00e1mites desde el hogar y as\u00ed no tener que acudir a la oficina de la\nSEREMI, con el consiguiente ahorro de tiempo\u201d, agregando que esta plataforma le\npermite al usuario solicitar permisos, autorizaciones, resoluciones y\ncertificaciones, entre otros, adem\u00e1s de poder conocer en cualquier momento el\nestado de su tr\u00e1mite online, interactuar a trav\u00e9s de la plataforma con los\nfuncionarios de la SEREMI, subir documentos, entre otras acciones.<\/p>\n\n\n\n<p>Se\nhabilit\u00f3 un banner en el sitio web de Minsal y de cada una de las SEREMIS del\npa\u00eds con informaci\u00f3n relevante para los usuarios, donde se entregan m\u00e1s detalles\nde las medidas y c\u00f3mo acceder a esta plataforma digital. <\/p>\n\n\n\n<p>La\nSEREMI de Econom\u00eda (S), Lil Garc\u00e9s, explic\u00f3 que \u201cel Ministerio de Econom\u00eda con\napoyo de Salud ha implementado nuevas medidas que permitan a las micro,\npeque\u00f1as y medianas empresas tomar acciones y alivianar la carga financiera en\ntodos su tr\u00e1mites. Esto quiere decir que va haber una disminuci\u00f3n en los costos\nrelacionados a este tipo de empresas. Este monto va a disminuir a $1.000, lo\nque creemos que es un tremendo impulso para aquellas personas que necesitan\nenfocar o extender su modelo de negocios, cambiar el giro o incorporar nuevas\n\u00e1reas. Vamos a implementar un sistema de apoyo para ellas, con tr\u00e1mites en l\u00ednea\u201d.&nbsp; &nbsp;<\/p>\n\n\n\n<p>Con\nrespecto a la rebaja de los aranceles a $ 1.000, este valor es para aquellas\npersonas que acrediten tener una Pyme, para lo cual se requiere presentar un\npantallazo del comprobante de Servicio de Impuestos Internos (SII). Esta modificaci\u00f3n\nentr\u00f3 en vigencia a contar del 11 de noviembre de 2019.<\/p>\n\n\n\n<p>Las\nAutoridades adem\u00e1s informaron que en el caso de Pymes que hubiesen desarrollado\npagos entre el 11 y el 15 de noviembre con la tarifa anterior, podr\u00e1n solicitar\nsu devoluci\u00f3n en la SEREMI de Salud. Aplica para todos los tr\u00e1mites, no s\u00f3lo\nlos que est\u00e1n en l\u00ednea.<\/p>\n","protected":false},"excerpt":{"rendered":"<p>Con el fin de apoyar a las personas que tienen sus propios emprendimientos y que se han visto afectados por la contingencia que vive el pa\u00eds, los Ministerios de Salud&#8230; <a class=\"read-more\" href=\"https:\/\/www.radiopresidenteibanez.cl\/web\/salud-y-economia-anuncian-medidas-para-apoyar-a-micro-pequenas-y-medianas-empresas-en-magallanes\/\">Leer m\u00e1s<\/a><\/p>\n","protected":false},"author":2,"featured_media":8107,"comment_status":"closed","ping_status":"closed","sticky":false,"template":"","format":"standard","meta":{"footnotes":""},"categories":[1],"tags":[],"class_list":["post-8106","post","type-post","status-publish","format-standard","has-post-thumbnail","hentry","category-cronica"],"_links":{"self":[{"href":"https:\/\/www.radiopresidenteibanez.cl\/web\/wp-json\/wp\/v2\/posts\/8106","targetHints":{"allow":["GET"]}}],"collection":[{"href":"https:\/\/www.radiopresidenteibanez.cl\/web\/wp-json\/wp\/v2\/posts"}],"about":[{"href":"https:\/\/www.radiopresidenteibanez.cl\/web\/wp-json\/wp\/v2\/types\/post"}],"author":[{"embeddable":true,"href":"https:\/\/www.radiopresidenteibanez.cl\/web\/wp-json\/wp\/v2\/users\/2"}],"replies":[{"embeddable":true,"href":"https:\/\/www.radiopresidenteibanez.cl\/web\/wp-json\/wp\/v2\/comments?post=8106"}],"version-history":[{"count":0,"href":"https:\/\/www.radiopresidenteibanez.cl\/web\/wp-json\/wp\/v2\/posts\/8106\/revisions"}],"wp:featuredmedia":[{"embeddable":true,"href":"https:\/\/www.radiopresidenteibanez.cl\/web\/wp-json\/wp\/v2\/media\/8107"}],"wp:attachment":[{"href":"https:\/\/www.radiopresidenteibanez.cl\/web\/wp-json\/wp\/v2\/media?parent=8106"}],"wp:term":[{"taxonomy":"category","embeddable":true,"href":"https:\/\/www.radiopresidenteibanez.cl\/web\/wp-json\/wp\/v2\/categories?post=8106"},{"taxonomy":"post_tag","embeddable":true,"href":"https:\/\/www.radiopresidenteibanez.cl\/web\/wp-json\/wp\/v2\/tags?post=8106"}],"curies":[{"name":"wp","href":"https:\/\/api.w.org\/{rel}","templated":true}]}}