{"id":8103,"date":"2019-11-19T14:15:55","date_gmt":"2019-11-19T14:15:55","guid":{"rendered":"https:\/\/www.radiopresidenteibanez.cl\/web\/?p=8103"},"modified":"2019-11-19T14:15:58","modified_gmt":"2019-11-19T14:15:58","slug":"interseccion-de-eusebio-lillo-con-ovejero-de-puerto-natales-ya-se-encuentra-pavimentada","status":"publish","type":"post","link":"https:\/\/www.radiopresidenteibanez.cl\/web\/interseccion-de-eusebio-lillo-con-ovejero-de-puerto-natales-ya-se-encuentra-pavimentada\/","title":{"rendered":"INTERSECCION DE EUSEBIO LILLO CON OVEJERO DE PUERTO NATALES YA SE ENCUENTRA PAVIMENTADA"},"content":{"rendered":"\n<p>En el marco del contrato de\nconservaci\u00f3n 2019-2020 para realizar diversas obras y reparaciones en las calles\nde Natales, el alcalde de la comuna junto a la gobernaci\u00f3n provincial y al servicio\nde vivienda y urbanismo, gestionaron la realizaci\u00f3n de obras de conservaci\u00f3n en\nla intersecci\u00f3n de las calles Eusebio Lillo y El Ovejero.<\/p>\n\n\n\n<p>Esta remodelaci\u00f3n corresponde a\nla reposici\u00f3n de 230 m\u00b2 de calle, los cuales fueron\nreemplazados por hormig\u00f3n. Con esto se lograr\u00e1 dar durabilidad y mejorar este\nimportante punto de la ciudad. &nbsp;<\/p>\n\n\n\n<p>La m\u00e1xima autoridad comunal,\nFernando Paredes Mansilla, se\u00f1al\u00f3 que el Concejo Municipal y cada uno de los\nconcejales recibieron esta demanda ciudadana para arreglar esta intersecci\u00f3n.\n\u201cLa calle Eusebio Lillo es una arteria important\u00edsima que conecta el sector\nalto de nuestra ciudad, y en eso quisiera manifestar que abrazamos todos los\nreclamos en su momento.&nbsp; Lo planteamos en\nprimer lugar a la gobernaci\u00f3n, a la gobernadora anterior y el gobernador actual.\nHoy d\u00eda como municipalidad queremos agradecer, como Concejo Municipal tambi\u00e9n\nel hecho de que se haya generado las instancias correspondientes para poder\nconversar y definir que aqu\u00ed se haga un trabajo t\u00e9cnico que permita solucionar\nla problem\u00e1tica\u201d. <\/p>\n\n\n\n<p>Por su parte, Carolina Prat, jefa\nprovincial del Serviu en \u00daltima Esperanza, indic\u00f3 que producto de la petici\u00f3n\ndel municipio y la gobernaci\u00f3n, lograron generar las coordinaciones para incluir\neste tramo en la presente conservaci\u00f3n. \u201cDurante esta semana se van a realizar\ntrabajos de limpieza de sellos, sellados y tambi\u00e9n de algunos pa\u00f1os que producto del mal\ntiempo se han levantado\u201d, concluy\u00f3.<\/p>\n\n\n\n<p>El gobernador de la provincia, Ra\u00fal\nSuazo, agradeci\u00f3 al gobierno regional por entregar estos fondos para\ninvertirlos en estas importantes v\u00edas. \u201cNatales est\u00e1 cambiando, estos son los\nproyectos que se traducen en beneficio directo de la comunidad, esto es algo\ndirecto que va en beneficio de la gente que m\u00e1s lo necesita. Sabemos que esta\narteria es muy &nbsp;transitada en verano y\npara el aniversario de Natales, esta calle conecta con el sector alto Puerto\nNatales, entonces hay muchos beneficiados en funci\u00f3n de este trabajo que\nrealizamos hoy d\u00eda\u201d.<\/p>\n\n\n\n<p>Esta obra se suma a las\nintervenciones en las calles Manuel Bulnes, Eleuterio Ram\u00edrez, Esmeralda,\nO\u00b4Higgins, Prat y Rub\u00e9n Dar\u00edo. La entrega completa de esta intersecci\u00f3n est\u00e1\ncontemplada para finales de esta semana, posterior a la suministraci\u00f3n de los\nresultados de los estudios de laboratorio que indique que el pavimento est\u00e1\napto para su uso.<\/p>\n","protected":false},"excerpt":{"rendered":"<p>En el marco del contrato de conservaci\u00f3n 2019-2020 para realizar diversas obras y reparaciones en las calles de Natales, el alcalde de la comuna junto a la gobernaci\u00f3n provincial y&#8230; <a class=\"read-more\" href=\"https:\/\/www.radiopresidenteibanez.cl\/web\/interseccion-de-eusebio-lillo-con-ovejero-de-puerto-natales-ya-se-encuentra-pavimentada\/\">Leer m\u00e1s<\/a><\/p>\n","protected":false},"author":2,"featured_media":8104,"comment_status":"closed","ping_status":"closed","sticky":false,"template":"","format":"standard","meta":{"footnotes":""},"categories":[1],"tags":[],"class_list":["post-8103","post","type-post","status-publish","format-standard","has-post-thumbnail","hentry","category-cronica"],"_links":{"self":[{"href":"https:\/\/www.radiopresidenteibanez.cl\/web\/wp-json\/wp\/v2\/posts\/8103","targetHints":{"allow":["GET"]}}],"collection":[{"href":"https:\/\/www.radiopresidenteibanez.cl\/web\/wp-json\/wp\/v2\/posts"}],"about":[{"href":"https:\/\/www.radiopresidenteibanez.cl\/web\/wp-json\/wp\/v2\/types\/post"}],"author":[{"embeddable":true,"href":"https:\/\/www.radiopresidenteibanez.cl\/web\/wp-json\/wp\/v2\/users\/2"}],"replies":[{"embeddable":true,"href":"https:\/\/www.radiopresidenteibanez.cl\/web\/wp-json\/wp\/v2\/comments?post=8103"}],"version-history":[{"count":0,"href":"https:\/\/www.radiopresidenteibanez.cl\/web\/wp-json\/wp\/v2\/posts\/8103\/revisions"}],"wp:featuredmedia":[{"embeddable":true,"href":"https:\/\/www.radiopresidenteibanez.cl\/web\/wp-json\/wp\/v2\/media\/8104"}],"wp:attachment":[{"href":"https:\/\/www.radiopresidenteibanez.cl\/web\/wp-json\/wp\/v2\/media?parent=8103"}],"wp:term":[{"taxonomy":"category","embeddable":true,"href":"https:\/\/www.radiopresidenteibanez.cl\/web\/wp-json\/wp\/v2\/categories?post=8103"},{"taxonomy":"post_tag","embeddable":true,"href":"https:\/\/www.radiopresidenteibanez.cl\/web\/wp-json\/wp\/v2\/tags?post=8103"}],"curies":[{"name":"wp","href":"https:\/\/api.w.org\/{rel}","templated":true}]}}