{"id":8101,"date":"2019-11-19T14:07:29","date_gmt":"2019-11-19T14:07:29","guid":{"rendered":"https:\/\/www.radiopresidenteibanez.cl\/web\/?p=8101"},"modified":"2019-11-19T14:07:32","modified_gmt":"2019-11-19T14:07:32","slug":"tc-declaro-admisible-el-requerimiento-de-la-corte-de-apelaciones-de-persona-para-retirar-fondos-desde-su-afp","status":"publish","type":"post","link":"https:\/\/www.radiopresidenteibanez.cl\/web\/tc-declaro-admisible-el-requerimiento-de-la-corte-de-apelaciones-de-persona-para-retirar-fondos-desde-su-afp\/","title":{"rendered":"TC DECLAR\u00d3 ADMISIBLE EL REQUERIMIENTO DE LA CORTE DE APELACIONES DE PERSONA PARA RETIRAR FONDOS DESDE SU AFP"},"content":{"rendered":"\n<p>La Segunda Sala del Tribunal Constitucional (TC) declar\u00f3 admisible el requerimiento de la Corte de Apelaciones de Punta Arenas en consulta por el retiro de los ahorros previsionales de la cotizante de la AFP Habitat, Sra. Beatriz Valenzuela, representada por el abogado Rodolfo Saldivia Lillo y la abogada Javiera Aravena. El TC ha dado a las partes, a la presidencia de la Rep\u00fablica, la C\u00e1mara de Diputados y el Senado 20 d\u00edas para presentar antecedentes y observaciones a este recurso.<\/p>\n\n\n\n<p>La Moneda, haciendo uso de sus facultades, ya ha intervenido a favor de las AFP presentando sus observaciones en un caso similar de una profesora en Antofagasta, pidiendo el rechazo de dicho recurso en plena crisis institucional hace algunas semanas atr\u00e1s. El Congreso omiti\u00f3 evacuar informe. La C\u00e1mara de Diputados y el Senado frente a lo que sucede hoy en Chile, y en un acto republicano, podr\u00eda haberse referido a este requerimiento en t\u00e9rminos favorables a nuestras pretensiones, sensibiliz\u00e1ndose con una medida reprochable de las AFP, de negar nuestros derechos como propietarios de nuestros fondos, y sobre todo por el nivel de pensiones que el sistema est\u00e1 entregando a\u00f1o a a\u00f1o.<\/p>\n\n\n\n<p>Este recurso se enmarca en una campa\u00f1a por parte de la Coordinadora NO+AFP para demostrar el enga\u00f1o de parte del Estado y de las AFP, al indicar que los fondos, nuestros dineros son propiedad de los cotizantes, cuando en realidad son las AFP las que est\u00e1n determinando su uso,&nbsp; goce y disposici\u00f3n. Esta distribuci\u00f3n habitualmente resulta en pensiones miserables.<\/p>\n\n\n\n<p>La Coordinadora tiene claro, sin embargo, que estos retiros no son la soluci\u00f3n al problema central de las pensiones. El problema fundamental son las baj\u00edsimas pensiones que produce el sistema privado de las administradoras de fondos de pensiones.<\/p>\n\n\n\n<p>Mientras tanto, a pesar de las exigencias del pueblo movilizado que exige NO+AFP, el gobierno de Pi\u00f1era insiste en introducir algunas reformas al sistema existente, a pesar que el presidente ha dicho \u00abque ha escuchado a la gente, hasta con humildad.\u00bb La verdad, es que no ha escuchado nada y entreg\u00f3 un informe firmado por \u00e9l donde se niega este discurso en el caso de Antofagasta. Se hace un llamado a la ciudadan\u00eda a exigir al Congreso y a la presidencia emitir un informe que d\u00e9 cuenta de las exigencias de la sociedad chilena en este nuevo tiempo de 20 d\u00edas que les otorg\u00f3 el Tribunal Constitucional en el caso de Punta Arenas.&nbsp;<\/p>\n\n\n\n<p>Por eso y para este mi\u00e9rcoles 20 de noviembre, el tema de la movilizaciones en la calle ser\u00e1 NO+AFP, por un sistema de seguridad social solidario, tripartito y con fondo de reserva t\u00e9cnica y un llamado al pronunciamiento que permita hacer retiro de los fondos de los afiliados de AFP.<\/p>\n\n\n\n<p>Recordamos que en la p\u00e1gina web:\u00a0<a rel=\"noreferrer noopener\" href=\"http:\/\/www.nomasafp.cl\/\" target=\"_blank\">www.nomasafp.cl<\/a>\u00a0en nuestra secci\u00f3n documentos podr\u00e1n encontrar esta propuesta seria y responsable que se haga cargo de dar dignidad y dejar fuera el abuso, al pueblo chileno.<\/p>\n","protected":false},"excerpt":{"rendered":"<p>La Segunda Sala del Tribunal Constitucional (TC) declar\u00f3 admisible el requerimiento de la Corte de Apelaciones de Punta Arenas en consulta por el retiro de los ahorros previsionales de la&#8230; <a class=\"read-more\" href=\"https:\/\/www.radiopresidenteibanez.cl\/web\/tc-declaro-admisible-el-requerimiento-de-la-corte-de-apelaciones-de-persona-para-retirar-fondos-desde-su-afp\/\">Leer m\u00e1s<\/a><\/p>\n","protected":false},"author":2,"featured_media":740,"comment_status":"closed","ping_status":"closed","sticky":false,"template":"","format":"standard","meta":{"footnotes":""},"categories":[1],"tags":[],"class_list":["post-8101","post","type-post","status-publish","format-standard","has-post-thumbnail","hentry","category-cronica"],"_links":{"self":[{"href":"https:\/\/www.radiopresidenteibanez.cl\/web\/wp-json\/wp\/v2\/posts\/8101","targetHints":{"allow":["GET"]}}],"collection":[{"href":"https:\/\/www.radiopresidenteibanez.cl\/web\/wp-json\/wp\/v2\/posts"}],"about":[{"href":"https:\/\/www.radiopresidenteibanez.cl\/web\/wp-json\/wp\/v2\/types\/post"}],"author":[{"embeddable":true,"href":"https:\/\/www.radiopresidenteibanez.cl\/web\/wp-json\/wp\/v2\/users\/2"}],"replies":[{"embeddable":true,"href":"https:\/\/www.radiopresidenteibanez.cl\/web\/wp-json\/wp\/v2\/comments?post=8101"}],"version-history":[{"count":0,"href":"https:\/\/www.radiopresidenteibanez.cl\/web\/wp-json\/wp\/v2\/posts\/8101\/revisions"}],"wp:featuredmedia":[{"embeddable":true,"href":"https:\/\/www.radiopresidenteibanez.cl\/web\/wp-json\/wp\/v2\/media\/740"}],"wp:attachment":[{"href":"https:\/\/www.radiopresidenteibanez.cl\/web\/wp-json\/wp\/v2\/media?parent=8101"}],"wp:term":[{"taxonomy":"category","embeddable":true,"href":"https:\/\/www.radiopresidenteibanez.cl\/web\/wp-json\/wp\/v2\/categories?post=8101"},{"taxonomy":"post_tag","embeddable":true,"href":"https:\/\/www.radiopresidenteibanez.cl\/web\/wp-json\/wp\/v2\/tags?post=8101"}],"curies":[{"name":"wp","href":"https:\/\/api.w.org\/{rel}","templated":true}]}}