{"id":8098,"date":"2019-11-19T14:03:18","date_gmt":"2019-11-19T14:03:18","guid":{"rendered":"https:\/\/www.radiopresidenteibanez.cl\/web\/?p=8098"},"modified":"2019-11-19T14:03:22","modified_gmt":"2019-11-19T14:03:22","slug":"operacion-microtrafico-cero-diamarchris-pdi-detiene-a-sujeto-en-el-centro-de-punta-arenas-e-incauta-cocaina-armas-y-especies","status":"publish","type":"post","link":"https:\/\/www.radiopresidenteibanez.cl\/web\/operacion-microtrafico-cero-diamarchris-pdi-detiene-a-sujeto-en-el-centro-de-punta-arenas-e-incauta-cocaina-armas-y-especies\/","title":{"rendered":"OPERACI\u00d3N MICROTR\u00c1FICO CERO \u201cDIAMARCHRIS\u201d: PDI DETIENE A SUJETO EN EL CENTRO DE PUNTA ARENAS E INCAUTA COCA\u00cdNA, ARMAS Y ESPECIES"},"content":{"rendered":"\n<p>El equipo Microtr\u00e1fico Cero (MT-0) y la\nBrigada Antinarc\u00f3ticos y Contra el Crimen Organizado detuvieron a un hombre en\nel centro de Punta Arenas, quien estaba siendo investigado por los detectives -en\ncoordinaci\u00f3n con el Ministerio P\u00fablico-, por abastecer de clorhidrato de\ncoca\u00edna a diferentes consumidores de la zona.<\/p>\n\n\n\n<p>El comisario Patricio Flores, jefe de\nla Brigada Antinarc\u00f3ticos y Contra el Crimen Organizado Punta Arenas explic\u00f3\nque la llamada operaci\u00f3n \u201cDiamarchris\u201d se trata de una investigaci\u00f3n de cerca\nde cuatro meses donde se estableci\u00f3 que un hombre vend\u00eda y traficaba droga, tanto\na adictos como a consumidores de la ciudad, en forma peri\u00f3dica y sistem\u00e1tica.<\/p>\n\n\n\n<p>Fue la ma\u00f1ana de este lunes cuando\nlos oficiales especializados procedieron a la entrada y registro de dos\ninmuebles en el centro de Punta Arenas, desde los cuales incautaron 181 gramos\nde clorhidrato de coca\u00edna, droga que estaba dividida en 256 dosis y que est\u00e1\navaluada en el comercio il\u00edcito en m\u00e1s de 5 millones de pesos.<\/p>\n\n\n\n<p>\u201cEste sujeto manten\u00eda dos inmuebles,\nuno que era utilizado como fachada de local comercial, -en este caso una\npeluquer\u00eda- y a su vez manten\u00eda otro inmueble, una casa de seguridad, que en\neste caso puntual manten\u00eda la droga, armas de fuego y otras evidencias de\ninter\u00e9s criminal\u00edstico para la investigaci\u00f3n\u201d, se\u00f1al\u00f3 el comisario Patricio\nFlores. <\/p>\n\n\n\n<p>Adem\u00e1s de la droga, los detectives incautaron\nun sofisticado sistema de seguridad, c\u00e1maras, un drone, pantallas, un veh\u00edculo de\nalta gama, munici\u00f3n calibre .22 y 9mm, tres armas de fuego (2 rev\u00f3lver y 1\npistola), una pistola de aire comprimido, dinero en efectivo, entre otras\nespecies, avaluadas en 11 millones de pesos.<\/p>\n\n\n\n<p>El detenido es un ciudadano dominicano\nde 39 a\u00f1os, quien la tarde de este lunes fue puesto a disposici\u00f3n del Juzgado\nde Garant\u00eda de Punta Arenas, para la respectiva audiencia de control de\ndetenci\u00f3n. <\/p>\n","protected":false},"excerpt":{"rendered":"<p>El equipo Microtr\u00e1fico Cero (MT-0) y la Brigada Antinarc\u00f3ticos y Contra el Crimen Organizado detuvieron a un hombre en el centro de Punta Arenas, quien estaba siendo investigado por los&#8230; <a class=\"read-more\" href=\"https:\/\/www.radiopresidenteibanez.cl\/web\/operacion-microtrafico-cero-diamarchris-pdi-detiene-a-sujeto-en-el-centro-de-punta-arenas-e-incauta-cocaina-armas-y-especies\/\">Leer m\u00e1s<\/a><\/p>\n","protected":false},"author":2,"featured_media":8099,"comment_status":"closed","ping_status":"closed","sticky":false,"template":"","format":"standard","meta":{"footnotes":""},"categories":[6],"tags":[],"class_list":["post-8098","post","type-post","status-publish","format-standard","has-post-thumbnail","hentry","category-policial"],"_links":{"self":[{"href":"https:\/\/www.radiopresidenteibanez.cl\/web\/wp-json\/wp\/v2\/posts\/8098","targetHints":{"allow":["GET"]}}],"collection":[{"href":"https:\/\/www.radiopresidenteibanez.cl\/web\/wp-json\/wp\/v2\/posts"}],"about":[{"href":"https:\/\/www.radiopresidenteibanez.cl\/web\/wp-json\/wp\/v2\/types\/post"}],"author":[{"embeddable":true,"href":"https:\/\/www.radiopresidenteibanez.cl\/web\/wp-json\/wp\/v2\/users\/2"}],"replies":[{"embeddable":true,"href":"https:\/\/www.radiopresidenteibanez.cl\/web\/wp-json\/wp\/v2\/comments?post=8098"}],"version-history":[{"count":0,"href":"https:\/\/www.radiopresidenteibanez.cl\/web\/wp-json\/wp\/v2\/posts\/8098\/revisions"}],"wp:featuredmedia":[{"embeddable":true,"href":"https:\/\/www.radiopresidenteibanez.cl\/web\/wp-json\/wp\/v2\/media\/8099"}],"wp:attachment":[{"href":"https:\/\/www.radiopresidenteibanez.cl\/web\/wp-json\/wp\/v2\/media?parent=8098"}],"wp:term":[{"taxonomy":"category","embeddable":true,"href":"https:\/\/www.radiopresidenteibanez.cl\/web\/wp-json\/wp\/v2\/categories?post=8098"},{"taxonomy":"post_tag","embeddable":true,"href":"https:\/\/www.radiopresidenteibanez.cl\/web\/wp-json\/wp\/v2\/tags?post=8098"}],"curies":[{"name":"wp","href":"https:\/\/api.w.org\/{rel}","templated":true}]}}