{"id":809,"date":"2019-01-28T19:33:08","date_gmt":"2019-01-28T19:33:08","guid":{"rendered":"http:\/\/www.radiopresidenteibanez.cl\/web\/?p=809"},"modified":"2019-01-28T19:33:15","modified_gmt":"2019-01-28T19:33:15","slug":"municipio-mejorara-100-kilometros-de-veredas-para-el-ano-2020","status":"publish","type":"post","link":"https:\/\/www.radiopresidenteibanez.cl\/web\/municipio-mejorara-100-kilometros-de-veredas-para-el-ano-2020\/","title":{"rendered":"MUNICIPIO MEJORAR\u00c1 100 KIL\u00d3METROS DE VEREDAS PARA EL A\u00d1O 2020"},"content":{"rendered":"\n<p>Cerca de 3 mil 700 millones de pesos es la inversi\u00f3n que el municipio de Punta Arenas est\u00e1 efectuando en seis emblem\u00e1tico sectores de la ciudad para mejorar y reponer sus veredas.<\/p>\n\n\n\n<p>Dentro de las poblaciones beneficiadas con este plan de renovaci\u00f3n urbana se encuentran Cecil Rasmussen, Fitz Roy, Villa Las Nieves, Independencia, los barrios Croata, Prat y San Miguel.<\/p>\n\n\n\n<p>El alcalde Claudio Radonich expres\u00f3 su satisfacci\u00f3n por el avance que implica para la comuna estas obras que completar\u00e1n un total de 37 kil\u00f3metros lineales de veredas, afirmando que para el 2020 se habr\u00e1n renovado cerca de cien kil\u00f3metros, abarcando todos los sectores de la ciudad que hoy tiene veredas en mal estado.<\/p>\n\n\n\n<p>El director de Obras, Alex Saldivia, aclar\u00f3 que las v\u00edas tendr\u00e1n un est\u00e1ndar de un metro 50 cent\u00edmetros de ancho, radieres de 7 cent\u00edmetros de alto y entradas vehiculares de 12 cent\u00edmetros de espesor.<\/p>\n","protected":false},"excerpt":{"rendered":"<p>Cerca de 3 mil 700 millones de pesos es la inversi\u00f3n que el municipio de Punta Arenas est\u00e1 efectuando en seis emblem\u00e1tico sectores de la ciudad para mejorar y reponer&#8230; <a class=\"read-more\" href=\"https:\/\/www.radiopresidenteibanez.cl\/web\/municipio-mejorara-100-kilometros-de-veredas-para-el-ano-2020\/\">Leer m\u00e1s<\/a><\/p>\n","protected":false},"author":2,"featured_media":810,"comment_status":"closed","ping_status":"closed","sticky":false,"template":"","format":"standard","meta":{"footnotes":""},"categories":[1],"tags":[],"class_list":["post-809","post","type-post","status-publish","format-standard","has-post-thumbnail","hentry","category-cronica"],"_links":{"self":[{"href":"https:\/\/www.radiopresidenteibanez.cl\/web\/wp-json\/wp\/v2\/posts\/809","targetHints":{"allow":["GET"]}}],"collection":[{"href":"https:\/\/www.radiopresidenteibanez.cl\/web\/wp-json\/wp\/v2\/posts"}],"about":[{"href":"https:\/\/www.radiopresidenteibanez.cl\/web\/wp-json\/wp\/v2\/types\/post"}],"author":[{"embeddable":true,"href":"https:\/\/www.radiopresidenteibanez.cl\/web\/wp-json\/wp\/v2\/users\/2"}],"replies":[{"embeddable":true,"href":"https:\/\/www.radiopresidenteibanez.cl\/web\/wp-json\/wp\/v2\/comments?post=809"}],"version-history":[{"count":0,"href":"https:\/\/www.radiopresidenteibanez.cl\/web\/wp-json\/wp\/v2\/posts\/809\/revisions"}],"wp:featuredmedia":[{"embeddable":true,"href":"https:\/\/www.radiopresidenteibanez.cl\/web\/wp-json\/wp\/v2\/media\/810"}],"wp:attachment":[{"href":"https:\/\/www.radiopresidenteibanez.cl\/web\/wp-json\/wp\/v2\/media?parent=809"}],"wp:term":[{"taxonomy":"category","embeddable":true,"href":"https:\/\/www.radiopresidenteibanez.cl\/web\/wp-json\/wp\/v2\/categories?post=809"},{"taxonomy":"post_tag","embeddable":true,"href":"https:\/\/www.radiopresidenteibanez.cl\/web\/wp-json\/wp\/v2\/tags?post=809"}],"curies":[{"name":"wp","href":"https:\/\/api.w.org\/{rel}","templated":true}]}}