{"id":8087,"date":"2019-11-18T14:52:18","date_gmt":"2019-11-18T14:52:18","guid":{"rendered":"https:\/\/www.radiopresidenteibanez.cl\/web\/?p=8087"},"modified":"2019-11-18T14:52:21","modified_gmt":"2019-11-18T14:52:21","slug":"presidenta-nacional-de-convergencia-social-afirmo-que-pasara-al-diputado-magallanico-gabriel-boric-al-tribunal-supremo-del-partido-por-firmar-acuerdo-constitucional","status":"publish","type":"post","link":"https:\/\/www.radiopresidenteibanez.cl\/web\/presidenta-nacional-de-convergencia-social-afirmo-que-pasara-al-diputado-magallanico-gabriel-boric-al-tribunal-supremo-del-partido-por-firmar-acuerdo-constitucional\/","title":{"rendered":"PRESIDENTA NACIONAL DE CONVERGENCIA SOCIAL AFIRM\u00d3 QUE PASAR\u00c1 AL DIPUTADO MAGALL\u00c1NICO GABRIEL BORIC AL TRIBUNAL SUPREMO DEL PARTIDO POR FIRMAR ACUERDO CONSTITUCIONAL"},"content":{"rendered":"\n<p>La presidenta nacional de Convergencia Social, Gael Yeomans\njunto a su directiva. Anunci\u00f3 que la colectividad pasar\u00e1 al diputado por la\nregi\u00f3n de Magallanes y Ant\u00e1rtica Chilena, Gabriel Boric, al Tribunal Supremo\ndel partido, para que esta instancia determine si habr\u00e1 o no medidas en su\ncontra, esto luego de firmar el acuerdo constitucional junto a distintos\nparlamentarios de diferentes partidos pol\u00edticos del pa\u00eds.<\/p>\n\n\n\n<p>Cabe mencionar que gran parte de Convergencia Social, estaba\nen contra del Acuerdo Constitucional que llevaba al \u201cacuerdo por la paz y nueva\nconstituci\u00f3n\u201d, as\u00ed tambi\u00e9n esto determino la salida desde la colectividad del\nactual alcalde de Valpara\u00edso, Jorge Sharp y otros 72 militantes.<\/p>\n\n\n\n<p>En este sentido la encargada de comunicaciones y militante de\nConvergencia Social, Luz Berm\u00fadez, expres\u00f3 que \u201cel diputado expuso su mirada\nante el acuerdo del pasado viernes, ahora debe ser el organismo indicado quien\ndiga que suceder\u00e1 con esto\u201d.<\/p>\n\n\n\n<p>Cabe mencionar que esta ser\u00eda la primera gran crisis que debe\nenfrentar Convergencia Social desde sus inicios en el a\u00f1o 2018, y que tiene\ncomo protagonista al diputado Gabriel Boric, ya que, fue el \u00fanico diputado de\nesta colectividad que votar\u00e1 a favor del Acuerdo Constitucional.<\/p>\n\n\n\n<p>Finalmente, por su parte el diputado magall\u00e1nico, Gabriel\nBoric Front, a trav\u00e9s de su cuenta de Twitter, coment\u00f3 que \u201clas decisiones\ndif\u00edciles siempre vienen con momentos dif\u00edciles. Solo el tiempo podr\u00e1 juzgar si\nfueron correctas y si hemos estado a la altura. Todo mi cari\u00f1o a Jorge Sharp en\nsu nuevo rumbo. No me cabe duda que nos seguiremos encontrando en la lucha por\nun Chile justo y digno\u201d.<\/p>\n","protected":false},"excerpt":{"rendered":"<p>La presidenta nacional de Convergencia Social, Gael Yeomans junto a su directiva. Anunci\u00f3 que la colectividad pasar\u00e1 al diputado por la regi\u00f3n de Magallanes y Ant\u00e1rtica Chilena, Gabriel Boric, al&#8230; <a class=\"read-more\" href=\"https:\/\/www.radiopresidenteibanez.cl\/web\/presidenta-nacional-de-convergencia-social-afirmo-que-pasara-al-diputado-magallanico-gabriel-boric-al-tribunal-supremo-del-partido-por-firmar-acuerdo-constitucional\/\">Leer m\u00e1s<\/a><\/p>\n","protected":false},"author":2,"featured_media":8088,"comment_status":"closed","ping_status":"closed","sticky":false,"template":"","format":"standard","meta":{"footnotes":""},"categories":[1],"tags":[],"class_list":["post-8087","post","type-post","status-publish","format-standard","has-post-thumbnail","hentry","category-cronica"],"_links":{"self":[{"href":"https:\/\/www.radiopresidenteibanez.cl\/web\/wp-json\/wp\/v2\/posts\/8087","targetHints":{"allow":["GET"]}}],"collection":[{"href":"https:\/\/www.radiopresidenteibanez.cl\/web\/wp-json\/wp\/v2\/posts"}],"about":[{"href":"https:\/\/www.radiopresidenteibanez.cl\/web\/wp-json\/wp\/v2\/types\/post"}],"author":[{"embeddable":true,"href":"https:\/\/www.radiopresidenteibanez.cl\/web\/wp-json\/wp\/v2\/users\/2"}],"replies":[{"embeddable":true,"href":"https:\/\/www.radiopresidenteibanez.cl\/web\/wp-json\/wp\/v2\/comments?post=8087"}],"version-history":[{"count":0,"href":"https:\/\/www.radiopresidenteibanez.cl\/web\/wp-json\/wp\/v2\/posts\/8087\/revisions"}],"wp:featuredmedia":[{"embeddable":true,"href":"https:\/\/www.radiopresidenteibanez.cl\/web\/wp-json\/wp\/v2\/media\/8088"}],"wp:attachment":[{"href":"https:\/\/www.radiopresidenteibanez.cl\/web\/wp-json\/wp\/v2\/media?parent=8087"}],"wp:term":[{"taxonomy":"category","embeddable":true,"href":"https:\/\/www.radiopresidenteibanez.cl\/web\/wp-json\/wp\/v2\/categories?post=8087"},{"taxonomy":"post_tag","embeddable":true,"href":"https:\/\/www.radiopresidenteibanez.cl\/web\/wp-json\/wp\/v2\/tags?post=8087"}],"curies":[{"name":"wp","href":"https:\/\/api.w.org\/{rel}","templated":true}]}}