{"id":8085,"date":"2019-11-18T14:43:08","date_gmt":"2019-11-18T14:43:08","guid":{"rendered":"https:\/\/www.radiopresidenteibanez.cl\/web\/?p=8085"},"modified":"2019-11-18T14:43:12","modified_gmt":"2019-11-18T14:43:12","slug":"en-cadena-nacional-presidente-pinera-se-refirio-por-primera-vez-al-acuerdo-constitucional-asi-tambien-al-aumento-gradual-de-pensiones-y-violaciones-a-los-dd-hh","status":"publish","type":"post","link":"https:\/\/www.radiopresidenteibanez.cl\/web\/en-cadena-nacional-presidente-pinera-se-refirio-por-primera-vez-al-acuerdo-constitucional-asi-tambien-al-aumento-gradual-de-pensiones-y-violaciones-a-los-dd-hh\/","title":{"rendered":"EN CADENA NACIONAL, PRESIDENTE PI\u00d1ERA SE REFIRI\u00d3 POR PRIMERA VEZ AL ACUERDO CONSTITUCIONAL, AS\u00cd TAMBI\u00c9N AL AUMENTO GRADUAL DE PENSIONES Y VIOLACIONES A LOS DD.HH"},"content":{"rendered":"\n<p>Pasadas las 21:30 horas de ayer\ndomingo, 17 de noviembre, el presidente Sebasti\u00e1n Pi\u00f1era luego de cuatro d\u00edas\nde silencio, en cadena nacional se refiri\u00f3 por primera vez al acuerdo\nconstitucional que fue dado a conocer por un grupo de parlamentarios el pasado\nviernes por la madrugada, as\u00ed tambi\u00e9n a los abusos en Derechos Humanos, aumento\ngradual a las pensiones, entre otras leyes que busca promover en las c\u00e1maras de\ndiputados y senadores.<\/p>\n\n\n\n<p>En primera instancia el\nmandatario, se refiri\u00f3 a los distintos hechos de violencia que han ocurrido\ndurante las marchas a nivel pa\u00eds \u00ablamentablemente, y a pesar del firme\ncompromiso y de todas las precauciones que tomamos, no solo el Gobierno,\ntambi\u00e9n las Fuerzas Armadas y de Orden para proteger los derechos humanos de\ntodos, en algunos casos no se respetaron los protocolos, se cometieron abusos o\ndelitos, y no se respetaron los derechos de todos, es por esto que prometo\nbuscar la verdad y justicia\u00bb.<\/p>\n\n\n\n<p>A lo anterior, el presidente\nPi\u00f1era agradeci\u00f3 el trabajo de Bomberos, Samu y Carabineros, pero en este\nultimo la m\u00e1xima autoridad nacional expres\u00f3 que \u00ablamentablemente, a pesar\ndel firme compromiso para proteger los Derechos Humanos, en algunos casos se\ncometieron abusos y delitos, y no se respetaron los derechos de todos\u00bb.<\/p>\n\n\n\n<p>En el tema de pensiones, el\npresidente manifest\u00f3 que \u201cel pr\u00f3ximo acuerdo que tenemos que construir es por\nmejorar las pensiones. Nuestro Gobierno est\u00e1 dispuesto a avanzar m\u00e1s all\u00e1 del\n20 por ciento que hemos propuesto, pero deber\u00e1 ser de forma gradual\u00bb.<\/p>\n\n\n\n<p>El pasado viernes por la\nmadrugada un grupo de parlamentarios firmaron un acuerdo por la paz y nueva\nconstituci\u00f3n, en este sentido Pi\u00f1era Eche\u00f1ique, expres\u00f3 que \u201cel acuerdo por una\nnueva Constituci\u00f3n significa un compromiso amplio y s\u00f3lido, que estoy seguro\ntiene apoyo mayoritario de la ciudadan\u00eda, que tendr\u00e1 activa participaci\u00f3n de\nellos, debemos buscar soluciones directas para las y los chilenos\u201d.<\/p>\n\n\n\n<p>Finalmente, Sebasti\u00e1n Pi\u00f1era, fue\nenf\u00e1tico en el acuerdo por la justicia social, que significa avanzar con una\nrenovada voluntad transversal y d\u00e1ndole sentido de urgencia, en el mejoramiento\nde pensiones, salud, y los distintos servicios b\u00e1sicos.<\/p>\n","protected":false},"excerpt":{"rendered":"<p>Pasadas las 21:30 horas de ayer domingo, 17 de noviembre, el presidente Sebasti\u00e1n Pi\u00f1era luego de cuatro d\u00edas de silencio, en cadena nacional se refiri\u00f3 por primera vez al acuerdo&#8230; <a class=\"read-more\" href=\"https:\/\/www.radiopresidenteibanez.cl\/web\/en-cadena-nacional-presidente-pinera-se-refirio-por-primera-vez-al-acuerdo-constitucional-asi-tambien-al-aumento-gradual-de-pensiones-y-violaciones-a-los-dd-hh\/\">Leer m\u00e1s<\/a><\/p>\n","protected":false},"author":2,"featured_media":385,"comment_status":"closed","ping_status":"closed","sticky":false,"template":"","format":"standard","meta":{"footnotes":""},"categories":[1],"tags":[],"class_list":["post-8085","post","type-post","status-publish","format-standard","has-post-thumbnail","hentry","category-cronica"],"_links":{"self":[{"href":"https:\/\/www.radiopresidenteibanez.cl\/web\/wp-json\/wp\/v2\/posts\/8085","targetHints":{"allow":["GET"]}}],"collection":[{"href":"https:\/\/www.radiopresidenteibanez.cl\/web\/wp-json\/wp\/v2\/posts"}],"about":[{"href":"https:\/\/www.radiopresidenteibanez.cl\/web\/wp-json\/wp\/v2\/types\/post"}],"author":[{"embeddable":true,"href":"https:\/\/www.radiopresidenteibanez.cl\/web\/wp-json\/wp\/v2\/users\/2"}],"replies":[{"embeddable":true,"href":"https:\/\/www.radiopresidenteibanez.cl\/web\/wp-json\/wp\/v2\/comments?post=8085"}],"version-history":[{"count":0,"href":"https:\/\/www.radiopresidenteibanez.cl\/web\/wp-json\/wp\/v2\/posts\/8085\/revisions"}],"wp:featuredmedia":[{"embeddable":true,"href":"https:\/\/www.radiopresidenteibanez.cl\/web\/wp-json\/wp\/v2\/media\/385"}],"wp:attachment":[{"href":"https:\/\/www.radiopresidenteibanez.cl\/web\/wp-json\/wp\/v2\/media?parent=8085"}],"wp:term":[{"taxonomy":"category","embeddable":true,"href":"https:\/\/www.radiopresidenteibanez.cl\/web\/wp-json\/wp\/v2\/categories?post=8085"},{"taxonomy":"post_tag","embeddable":true,"href":"https:\/\/www.radiopresidenteibanez.cl\/web\/wp-json\/wp\/v2\/tags?post=8085"}],"curies":[{"name":"wp","href":"https:\/\/api.w.org\/{rel}","templated":true}]}}