{"id":8083,"date":"2019-11-18T14:40:55","date_gmt":"2019-11-18T14:40:55","guid":{"rendered":"https:\/\/www.radiopresidenteibanez.cl\/web\/?p=8083"},"modified":"2019-11-18T14:40:58","modified_gmt":"2019-11-18T14:40:58","slug":"diputada-sandra-amar-realizo-indicaciones-a-presupuesto-2020-en-las-areas-de-salud-y-transporte","status":"publish","type":"post","link":"https:\/\/www.radiopresidenteibanez.cl\/web\/diputada-sandra-amar-realizo-indicaciones-a-presupuesto-2020-en-las-areas-de-salud-y-transporte\/","title":{"rendered":"DIPUTADA SANDRA AMAR REALIZ\u00d3 INDICACIONES A PRESUPUESTO 2020 EN LAS \u00c1REAS DE SALUD Y TRANSPORTE"},"content":{"rendered":"\n<p>En el marco de la discusi\u00f3n presupuestaria 2020 en la C\u00e1mara\nde Diputados, la parlamentaria gremialista, Sandra Amar, realiz\u00f3 indicaciones\nen las partidas de Salud y Transporte.<\/p>\n\n\n\n<p>Ante el tema de salud, la parlamentaria se\u00f1al\u00f3 que \u201clas\nnecesidades que tenemos en la regi\u00f3n son m\u00faltiples, sobre todo en el hospital\ncl\u00ednico en donde hace falta una mayor cantidad de especialistas, as\u00ed tambi\u00e9n\ncontar con mayores recursos para as\u00ed poder subsanar el d\u00e9ficit de recursos\nhumanos\u201d.<\/p>\n\n\n\n<p>En cuanto al transporte, Amar expuso la necesidad que tienen\nlos habitantes de Punta Daroch de contar con un transporte estatal que realice\nen forma regular el cruce hacia Puerto Natales. \u201cLas pol\u00edticas centralistas olvidan\nque hay chilenos con derecho a tener acceso a salud, educaci\u00f3n, y transporte en\nlas zonas m\u00e1s rec\u00f3nditas de este pa\u00eds\u201d.<\/p>\n\n\n\n<p>Finalmente, ambas indicaciones fueron declaradas inadmisibles\npor el ejecutivo porque implicaban aumento de presupuesto, facultad exclusiva\ndel Ejecutivo. Pese a ello Amar indic\u00f3 que \u201cera necesario hacer la indicaci\u00f3n y\nexponer cu\u00e1les son las necesidades que tienen los magall\u00e1nicos en esta\nmateria\u201d.<\/p>\n","protected":false},"excerpt":{"rendered":"<p>En el marco de la discusi\u00f3n presupuestaria 2020 en la C\u00e1mara de Diputados, la parlamentaria gremialista, Sandra Amar, realiz\u00f3 indicaciones en las partidas de Salud y Transporte. Ante el tema&#8230; <a class=\"read-more\" href=\"https:\/\/www.radiopresidenteibanez.cl\/web\/diputada-sandra-amar-realizo-indicaciones-a-presupuesto-2020-en-las-areas-de-salud-y-transporte\/\">Leer m\u00e1s<\/a><\/p>\n","protected":false},"author":2,"featured_media":3008,"comment_status":"closed","ping_status":"closed","sticky":false,"template":"","format":"standard","meta":{"footnotes":""},"categories":[1],"tags":[],"class_list":["post-8083","post","type-post","status-publish","format-standard","has-post-thumbnail","hentry","category-cronica"],"_links":{"self":[{"href":"https:\/\/www.radiopresidenteibanez.cl\/web\/wp-json\/wp\/v2\/posts\/8083","targetHints":{"allow":["GET"]}}],"collection":[{"href":"https:\/\/www.radiopresidenteibanez.cl\/web\/wp-json\/wp\/v2\/posts"}],"about":[{"href":"https:\/\/www.radiopresidenteibanez.cl\/web\/wp-json\/wp\/v2\/types\/post"}],"author":[{"embeddable":true,"href":"https:\/\/www.radiopresidenteibanez.cl\/web\/wp-json\/wp\/v2\/users\/2"}],"replies":[{"embeddable":true,"href":"https:\/\/www.radiopresidenteibanez.cl\/web\/wp-json\/wp\/v2\/comments?post=8083"}],"version-history":[{"count":0,"href":"https:\/\/www.radiopresidenteibanez.cl\/web\/wp-json\/wp\/v2\/posts\/8083\/revisions"}],"wp:featuredmedia":[{"embeddable":true,"href":"https:\/\/www.radiopresidenteibanez.cl\/web\/wp-json\/wp\/v2\/media\/3008"}],"wp:attachment":[{"href":"https:\/\/www.radiopresidenteibanez.cl\/web\/wp-json\/wp\/v2\/media?parent=8083"}],"wp:term":[{"taxonomy":"category","embeddable":true,"href":"https:\/\/www.radiopresidenteibanez.cl\/web\/wp-json\/wp\/v2\/categories?post=8083"},{"taxonomy":"post_tag","embeddable":true,"href":"https:\/\/www.radiopresidenteibanez.cl\/web\/wp-json\/wp\/v2\/tags?post=8083"}],"curies":[{"name":"wp","href":"https:\/\/api.w.org\/{rel}","templated":true}]}}