{"id":8081,"date":"2019-11-18T14:38:47","date_gmt":"2019-11-18T14:38:47","guid":{"rendered":"https:\/\/www.radiopresidenteibanez.cl\/web\/?p=8081"},"modified":"2019-11-18T14:38:50","modified_gmt":"2019-11-18T14:38:50","slug":"geriatra-ramon-lobos-1-de-cada-5-adultos-mayores-sigue-trabajando-mas-alla-de-la-edad-de-jubilacion","status":"publish","type":"post","link":"https:\/\/www.radiopresidenteibanez.cl\/web\/geriatra-ramon-lobos-1-de-cada-5-adultos-mayores-sigue-trabajando-mas-alla-de-la-edad-de-jubilacion\/","title":{"rendered":"GERIATRA RAM\u00d3N LOBOS: 1 DE CADA 5 ADULTOS MAYORES SIGUE TRABAJANDO M\u00c1S ALL\u00c1 DE LA EDAD DE JUBILACI\u00d3N"},"content":{"rendered":"\n<p>En el marco de la contingencia que vive el pa\u00eds, el m\u00e9dico\ngeriatra, Ram\u00f3n Lobos V\u00e1squez, expres\u00f3 que es importante generar cambios para\nlos adultos mayores, sobre todo tomando en cuenta la gran cantidad de personas\nmayores que, tras jubilarse, deben seguir trabajando porque la pensi\u00f3n no les\nalcanza para vivir.<\/p>\n\n\n\n<p>\u201cNo podemos dejar de recordar lo que dec\u00eda la encuesta Casen\nde hace unos a\u00f1os, que el 10% de las personas mayores de 80 a\u00f1os estaban a\u00fan en\nla fuerza laboral. Y eso lejos de cambiar, se ha ido incrementando. Ha\naumentado el porcentaje de 8.8% a 9.5% entre el 2015 y 2017, de los que siguen\ntrabajando y no tienen previsi\u00f3n, y de un 13% a un 14% de quienes siguen\ntrabajando y s\u00ed tienen previsi\u00f3n\u201d, explic\u00f3 el profesional.<\/p>\n\n\n\n<p>Lobos record\u00f3 que hace unos d\u00edas, en medio de las protestas,\nse conoci\u00f3 el caso de un adulto mayor de 80 a\u00f1os, quien fue encontrado\nfallecido una ma\u00f1ana, muy temprano, en una banca en la Plaza de la\nConstituci\u00f3n, donde trabajaba como jardinero.<\/p>\n\n\n\n<p>\u201cEsta problem\u00e1tica de los adultos mayores, en tanto est\u00e9n\ntrabajando y se mantengan en la fuerza laboral, corresponde a una\nresponsabilidad del sistema de salud de mantenerlos en buenas condiciones. Esta\nmayor carga laboral ha ido en aumento. Seg\u00fan la \u00faltima encuesta Casen, ve\u00edamos\nque el 31,8% de los mayores de 60 a\u00f1os est\u00e1n en la fuerza del trabajo. Y sobre\nlos 65 a\u00f1os, el 21% se mantiene en la fuerza laboral. O sea, 1 de cada 5\nadultos mayores sigue trabajando m\u00e1s all\u00e1 de la edad de jubilaci\u00f3n\u201d, explic\u00f3 el\nm\u00e9dico geriatra.<\/p>\n\n\n\n<p>Agreg\u00f3 que esto es as\u00ed tambi\u00e9n para los mayores de 70 a\u00f1os,\nen que el 22% de los hombres y el 7.5% de las mujeres a\u00fan est\u00e1 en la fuerza\nlaboral. La mayor\u00eda de ellos como empleados y obreros dependientes de terceros,\nexistiendo m\u00e1rgenes muy peque\u00f1os, especialmente en hombres, que trabajan por\ncuenta propia, y un margen m\u00e1s amplio de mujeres que se desempe\u00f1an por cuenta\npropia, especialmente en labores del hogar.<\/p>\n\n\n\n<p>Por otro lado, debido a la escasa preparaci\u00f3n y el bajo\nnivel educacional existente en la \u00e9poca, los adultos mayores pueden acceder\nmayoritariamente a trabajos f\u00edsicos y con menores sueldos.<\/p>\n\n\n\n<p>El especialista llam\u00f3 a las autoridades a tener en cuenta\nestos datos y entregar soluciones a la principal demanda de los adultos\nmayores, contar con pensiones que les permitan tener una calidad de vida digna\ny disfrutar con tranquilidad de sus \u00faltimos a\u00f1os de vida.<\/p>\n","protected":false},"excerpt":{"rendered":"<p>En el marco de la contingencia que vive el pa\u00eds, el m\u00e9dico geriatra, Ram\u00f3n Lobos V\u00e1squez, expres\u00f3 que es importante generar cambios para los adultos mayores, sobre todo tomando en&#8230; <a class=\"read-more\" href=\"https:\/\/www.radiopresidenteibanez.cl\/web\/geriatra-ramon-lobos-1-de-cada-5-adultos-mayores-sigue-trabajando-mas-alla-de-la-edad-de-jubilacion\/\">Leer m\u00e1s<\/a><\/p>\n","protected":false},"author":2,"featured_media":7518,"comment_status":"closed","ping_status":"closed","sticky":false,"template":"","format":"standard","meta":{"footnotes":""},"categories":[1],"tags":[],"class_list":["post-8081","post","type-post","status-publish","format-standard","has-post-thumbnail","hentry","category-cronica"],"_links":{"self":[{"href":"https:\/\/www.radiopresidenteibanez.cl\/web\/wp-json\/wp\/v2\/posts\/8081","targetHints":{"allow":["GET"]}}],"collection":[{"href":"https:\/\/www.radiopresidenteibanez.cl\/web\/wp-json\/wp\/v2\/posts"}],"about":[{"href":"https:\/\/www.radiopresidenteibanez.cl\/web\/wp-json\/wp\/v2\/types\/post"}],"author":[{"embeddable":true,"href":"https:\/\/www.radiopresidenteibanez.cl\/web\/wp-json\/wp\/v2\/users\/2"}],"replies":[{"embeddable":true,"href":"https:\/\/www.radiopresidenteibanez.cl\/web\/wp-json\/wp\/v2\/comments?post=8081"}],"version-history":[{"count":0,"href":"https:\/\/www.radiopresidenteibanez.cl\/web\/wp-json\/wp\/v2\/posts\/8081\/revisions"}],"wp:featuredmedia":[{"embeddable":true,"href":"https:\/\/www.radiopresidenteibanez.cl\/web\/wp-json\/wp\/v2\/media\/7518"}],"wp:attachment":[{"href":"https:\/\/www.radiopresidenteibanez.cl\/web\/wp-json\/wp\/v2\/media?parent=8081"}],"wp:term":[{"taxonomy":"category","embeddable":true,"href":"https:\/\/www.radiopresidenteibanez.cl\/web\/wp-json\/wp\/v2\/categories?post=8081"},{"taxonomy":"post_tag","embeddable":true,"href":"https:\/\/www.radiopresidenteibanez.cl\/web\/wp-json\/wp\/v2\/tags?post=8081"}],"curies":[{"name":"wp","href":"https:\/\/api.w.org\/{rel}","templated":true}]}}