{"id":8078,"date":"2019-11-18T14:36:56","date_gmt":"2019-11-18T14:36:56","guid":{"rendered":"https:\/\/www.radiopresidenteibanez.cl\/web\/?p=8078"},"modified":"2019-11-18T14:36:59","modified_gmt":"2019-11-18T14:36:59","slug":"alumnos-en-practica-de-la-escuela-de-especialidades-destacan-aprendizajes-y-equipo-humano-de-la-iva-brigada-aerea","status":"publish","type":"post","link":"https:\/\/www.radiopresidenteibanez.cl\/web\/alumnos-en-practica-de-la-escuela-de-especialidades-destacan-aprendizajes-y-equipo-humano-de-la-iva-brigada-aerea\/","title":{"rendered":"ALUMNOS EN PR\u00c1CTICA DE LA ESCUELA DE ESPECIALIDADES DESTACAN APRENDIZAJES Y EQUIPO HUMANO DE LA IVa BRIGADA A\u00c9REA"},"content":{"rendered":"\n<p>Cuatro\nsemanas de pr\u00e1ctica profesional en la IV<sup>a<\/sup> Brigada A\u00e9rea cumplieron\nlos alumnos de segundo a\u00f1o de la Escuela de Especialidades de la Fuerza A\u00e9rea\nde Chile \u201cSargento 1\u00b0 Adolfo Menadier Rojas\u201d, instancia en la que destacaron\nlos aprendizajes que han adquirido, y expresaron su agradecimiento al equipo\nhumano que los acoge e instruye diariamente.<\/p>\n\n\n\n<p>Los\nj\u00f3venes arribaron el 17 de octubre a la Base A\u00e9rea Chabunco, emplazada en la\ncomuna de Punta Arenas, donde fueron recibidos por el Comandante en Jefe de la\nUnidad, General de Brigada A\u00e9rea (A) Eduardo Mosqueira Cruz, quien les dio la\nbienvenida y expres\u00f3 todo su apoyo y buenos deseos en esta \u00faltima etapa de sus\ncarreras, previo al egreso.<\/p>\n\n\n\n<p>Los\nalumnos se integraron a las labores diarias de diferentes Unidades, llevando a\nla pr\u00e1ctica los conocimientos te\u00f3ricos obtenidos en sus planes de estudios. A dos\nsemanas de finalizar este proceso, calificaron esta experiencia como muy\nenriquecedora y un real aporte a su desarrollo profesional. <\/p>\n\n\n\n<p>Sebasti\u00e1n\nGonz\u00e1lez, alumno de la especialidad Mec\u00e1nico de Sistemas de Aeronaves<a>, quien realiza su pr\u00e1ctica en el Grupo de Mantenimiento\nN\u00b053, destac\u00f3 <\/a>\u201cel trato de las personas, el ambiente acogedor y el\ninteresante trabajo\u201d que ha podido vivenciar en estas semanas. \u201cHemos realizado\nbastantes tareas con el equipo, hemos visto controles de vuelo, motores,\nfuselaje\u2026 ha sido una gran base para continuar nuestro camino profesional\u201d,\nexpres\u00f3, revelando que le gustar\u00eda regresar para desempe\u00f1arse en la IV<sup>a <\/sup>Brigada\nA\u00e9rea.<\/p>\n\n\n\n<p>En\ntanto, Luciano Molina, alumno de la especialidad de Telecomunicaciones, quien\nse desempe\u00f1a en el Grupo de Telecomunicaciones y Detecci\u00f3n N\u00b033, plante\u00f3 que\n\u201clos instructores nos han dado la visi\u00f3n de c\u00f3mo se trabaja operativamente y en\nel campo con la instrumentaci\u00f3n real, como en el terreno de ejecuci\u00f3n de la\noperaci\u00f3n\u201d, agregando que participa en talleres de radar, mec\u00e1nico de\ntelecomunicaciones y electr\u00f3nica, y de radioperador terrestre.<\/p>\n\n\n\n<p>Finalmente,\nla alumna Valentina Toro, de la especialidad Mec\u00e1nico en Estructura de\nAeronaves, agradeci\u00f3 a los instructores y al personal de la Unidad por todos\nlos conocimientos adquiridos hasta ahora y la excelente acogida que han tenido\nlos estudiantes en la Brigada m\u00e1s austral del pa\u00eds, ya que sin duda \u201cnos\npermitir\u00e1 desempe\u00f1arnos de la mejor forma en el futuro\u201d.<\/p>\n","protected":false},"excerpt":{"rendered":"<p>Cuatro semanas de pr\u00e1ctica profesional en la IVa Brigada A\u00e9rea cumplieron los alumnos de segundo a\u00f1o de la Escuela de Especialidades de la Fuerza A\u00e9rea de Chile \u201cSargento 1\u00b0 Adolfo&#8230; <a class=\"read-more\" href=\"https:\/\/www.radiopresidenteibanez.cl\/web\/alumnos-en-practica-de-la-escuela-de-especialidades-destacan-aprendizajes-y-equipo-humano-de-la-iva-brigada-aerea\/\">Leer m\u00e1s<\/a><\/p>\n","protected":false},"author":2,"featured_media":8079,"comment_status":"closed","ping_status":"closed","sticky":false,"template":"","format":"standard","meta":{"footnotes":""},"categories":[1],"tags":[],"class_list":["post-8078","post","type-post","status-publish","format-standard","has-post-thumbnail","hentry","category-cronica"],"_links":{"self":[{"href":"https:\/\/www.radiopresidenteibanez.cl\/web\/wp-json\/wp\/v2\/posts\/8078","targetHints":{"allow":["GET"]}}],"collection":[{"href":"https:\/\/www.radiopresidenteibanez.cl\/web\/wp-json\/wp\/v2\/posts"}],"about":[{"href":"https:\/\/www.radiopresidenteibanez.cl\/web\/wp-json\/wp\/v2\/types\/post"}],"author":[{"embeddable":true,"href":"https:\/\/www.radiopresidenteibanez.cl\/web\/wp-json\/wp\/v2\/users\/2"}],"replies":[{"embeddable":true,"href":"https:\/\/www.radiopresidenteibanez.cl\/web\/wp-json\/wp\/v2\/comments?post=8078"}],"version-history":[{"count":0,"href":"https:\/\/www.radiopresidenteibanez.cl\/web\/wp-json\/wp\/v2\/posts\/8078\/revisions"}],"wp:featuredmedia":[{"embeddable":true,"href":"https:\/\/www.radiopresidenteibanez.cl\/web\/wp-json\/wp\/v2\/media\/8079"}],"wp:attachment":[{"href":"https:\/\/www.radiopresidenteibanez.cl\/web\/wp-json\/wp\/v2\/media?parent=8078"}],"wp:term":[{"taxonomy":"category","embeddable":true,"href":"https:\/\/www.radiopresidenteibanez.cl\/web\/wp-json\/wp\/v2\/categories?post=8078"},{"taxonomy":"post_tag","embeddable":true,"href":"https:\/\/www.radiopresidenteibanez.cl\/web\/wp-json\/wp\/v2\/tags?post=8078"}],"curies":[{"name":"wp","href":"https:\/\/api.w.org\/{rel}","templated":true}]}}