{"id":8076,"date":"2019-11-18T14:31:07","date_gmt":"2019-11-18T14:31:07","guid":{"rendered":"https:\/\/www.radiopresidenteibanez.cl\/web\/?p=8076"},"modified":"2019-11-18T14:31:11","modified_gmt":"2019-11-18T14:31:11","slug":"deja-vu-por-ernesto-sepulveda","status":"publish","type":"post","link":"https:\/\/www.radiopresidenteibanez.cl\/web\/deja-vu-por-ernesto-sepulveda\/","title":{"rendered":"D\u00c9JA VU por ERNESTO SEPULVEDA"},"content":{"rendered":"\n<p>Desde que se iniciaron las protestas masivas contra la\ndictadura, en 1983, la movilizaci\u00f3n social fue en un espiral ascendente. Pese a\nque el r\u00e9gimen despleg\u00f3 toda su ferocidad, con cr\u00edmenes alevosos, torturas y\nhorror, la poblaci\u00f3n no se detuvo. El punto de inflexi\u00f3n fue el atentado\nfallido contra el dictador. A partir de all\u00ed, la oposici\u00f3n debi\u00f3 optar, o se\ncontinuaba con la estrategia de movilizaci\u00f3n social y desobediencia civil, o se\nbuscaba una salida pol\u00edtica. El realismo prim\u00f3, y con el benepl\u00e1cito del\ndepartamento de Estado norteamericano, se iniciaron negociaciones que\nculminaron con un llamado a plebiscito, que se efectuar\u00eda el 5 de octubre de\n1988.<\/p>\n\n\n\n<p>Se trataba de decidir, nada m\u00e1s y nada menos, sobre la\ncontinuidad del r\u00e9gimen, con el dictador Pinochet a la cabeza hasta el a\u00f1o\n1997. Esto correspond\u00eda a la opci\u00f3n SI, del plebiscito. En tanto, la opci\u00f3n NO,\ncorrespond\u00eda a quienes quer\u00edan el t\u00e9rmino del r\u00e9gimen, y la convocatoria a\nelecciones libres.<\/p>\n\n\n\n<p>Las discusiones que se dieron en esa \u00e9poca, entre\nquienes estaban por profundizar la estrategia de movilizaci\u00f3n social, y quienes\nconfiaban en las negociaciones iniciadas por el r\u00e9gimen. Lo que se conoci\u00f3 como\n\u201cEl veranito de Jarpa\u201d, porque fue con Sergio Onofre Jarpa a la cabeza de la Segegob,\nque se desarrollaron esas conversaciones.<\/p>\n\n\n\n<p>Durante todo ese tiempo, la sangre segu\u00eda corriendo\npor las calles, la represi\u00f3n y la persecuci\u00f3n a los movimientos de izquierda,\nse prolong\u00f3 hasta el \u00faltimo d\u00eda.<\/p>\n\n\n\n<p>Para participar en el plebiscito de 1988, se abrieron\nlos registros electorales. Los que exist\u00edan hasta el a\u00f1o 1973, hab\u00edan sido\ndestruidos. El r\u00e9gimen llam\u00f3 a inscribirse para participar en apoyo a Pinochet.\nLo suyo hizo la oposici\u00f3n. Unos primero y otros m\u00e1s tarde, el grueso de la\noposici\u00f3n, acept\u00f3 las reglas del juego, se inscribi\u00f3 e hizo campa\u00f1a por el NO.<\/p>\n\n\n\n<p>Para quienes no estuvieron all\u00ed. Fue un per\u00edodo\nplagado de emociones, quienes luchamos contra la dictadura, por primera vez,\nve\u00edamos que la TV hablaba de las atrocidades, de las violaciones a los DDHH.\nTodas las noches las familias se agolpaban frente al \u00fanico TV de la casa, para\nver la franja del NO.<\/p>\n\n\n\n<p>Fue un per\u00edodo hermoso, a ratos \u00e9pico. Y el triunfo\nsobre el dictador, es una de las alegr\u00edas m\u00e1s grandes que hemos vivido como\npa\u00eds.<\/p>\n\n\n\n<p>Estamos ahora en el a\u00f1o 2019, inmersos en un proceso\nde cambio, de transformaci\u00f3n social y pol\u00edtica, s\u00f3lo equivalente, a ese otro\nproceso que vivimos el a\u00f1o 1988.<\/p>\n\n\n\n<p>Tambi\u00e9n ahora estamos ante un proceso que se inicia,\ncon desconfianza de la poblaci\u00f3n, con descontento, hast\u00edo. La certeza de vivir\ncondiciones de vida injustas, o miserables, ha hecho perder el miedo. La gente\nse vuelca a la calles sin temor, pese a los muertos y heridos.<\/p>\n\n\n\n<p>Existen muchas similitudes, en las cr\u00edticas de los\ngrupos m\u00e1s radicalizados de izquierda y derecha.&nbsp;&nbsp;En el a\u00f1o\n88\u2019&nbsp;&nbsp;la UDI quer\u00eda la prolongaci\u00f3n del r\u00e9gimen sin plebiscito alguno.\nEl PC primero se opon\u00eda al plebiscito, y luego llamaba a votar nulo.<\/p>\n\n\n\n<p>Llegar a una asamblea constituyente en un gobierno de\nderecha, es algo que nadie previ\u00f3. Luego de haber aportillado el proceso\nconstituyente iniciado por la presidenta Michelle Bachelet, ahora muchos miran\nhacia atr\u00e1s con admiraci\u00f3n y respeto.<\/p>\n\n\n\n<p>El acuerdo suscrito por la inmensa mayor\u00eda de las\nfuerzas pol\u00edticas de Chile, el 15 de octubre de 2019, constituye un hito\nhist\u00f3rico. Por primera vez pudimos ver en nuestras propias pantallas de TV,\ncomo se realizaban las negociaciones, hasta el acuerdo final.<\/p>\n\n\n\n<p>Un acuerdo que por primera vez no era en la cocina de\nalg\u00fan incumbente, sino en la sede del congreso nacional. Por primera vez, no\n\u201ccortaban el queque\u201d, tres o cuatro se\u00f1orones de la pol\u00edtica, sino que fue con\nun enjambre de parlamentarios, presidentes de partidos, asesores, y decenas de\nreporteros y periodistas.<\/p>\n\n\n\n<p>El camino que se ha abierto con este acuerdo, nos\ndejar\u00e1 al igual que en 1988, ante un mundo nuevo. Un nuevo Chile ser\u00e1 posible,\ncon la participaci\u00f3n de todos nosotros. No existe raz\u00f3n alguna para marginarse\nde esta oportunidad. Por vez primera Chile se dar\u00e1 una Constituci\u00f3n, a trav\u00e9s\nde una asamblea o convenci\u00f3n constituyente.<\/p>\n\n\n\n<p>Se estima que desde que se apruebe en el plebiscito de\nabril de 2020, la opci\u00f3n de nueva constituci\u00f3n, hasta que esta entre en\nvigencia, transcurrir\u00e1 un m\u00ednimo de un a\u00f1o y medio.<\/p>\n\n\n\n<p>Este per\u00edodo deberemos abocarnos como sociedad, a\nresolver los graves e impostergables problemas sociales. Salarios, pensiones,\nsalud, educaci\u00f3n, regiones, entre otros. Durante todo este tiempo la gente\ncontinuar\u00e1 movilizada, hasta empezar a ver los frutos de los compromisos. As\u00ed\ndeber\u00e1 ser, para que los pol\u00edticos de gobierno y de oposici\u00f3n no olviden.<\/p>\n\n\n\n<p>La rebaja en la dieta parlamentaria y de los m\u00e1s altos\ncargos de la administraci\u00f3n, no puede esperar m\u00e1s. Asimismo, la aplicaci\u00f3n\nretroactiva de la ley de no reelecci\u00f3n. De este modo, el parlamento completo\npodr\u00e1 ser renovado en 2021 y 2025.<\/p>\n\n\n\n<p>El t\u00e9rmino inmediato de las sistem\u00e1ticas violaciones a\nlos DDHH, ocurridas en todo el pa\u00eds, en el contexto de las movilizaciones\nsociales, no obsta al rechazo de vandalismo y la delincuencia. Con\nposterioridad a la firma del acuerdo pol\u00edtico por una nueva constituci\u00f3n, se\nhan seguido disparando balines y perdigones a la cabeza de los manifestantes.\nSe desconoce por qu\u00e9 a\u00fan permanece en su cargo el general director de\nCarabineros, responsable directo de las directrices impartidas a los\nescuadrones represores.<\/p>\n\n\n\n<p>Estamos ante un momento hist\u00f3rico que marcar\u00e1 a esta\ngeneraci\u00f3n, as\u00ed como el triunfo en el plebiscito del 88\u2019 nos marc\u00f3 a nosotros.\nSon tiempos de cambio, y de esperanza que nos permitir\u00e1n crecer como sociedad,\ny avanzar en la construcci\u00f3n de un Chile m\u00e1s justo y solidario.<\/p>\n\n\n\n<p>Soy Ernesto Sep\u00falveda, en \u201cCr\u00f3nicas de la Patagonia\u201d.<\/p>\n\n\n\n<p>Punta Arenas, 18 de noviembre 2019.-<\/p>\n","protected":false},"excerpt":{"rendered":"<p>Desde que se iniciaron las protestas masivas contra la dictadura, en 1983, la movilizaci\u00f3n social fue en un espiral ascendente. Pese a que el r\u00e9gimen despleg\u00f3 toda su ferocidad, con&#8230; <a class=\"read-more\" href=\"https:\/\/www.radiopresidenteibanez.cl\/web\/deja-vu-por-ernesto-sepulveda\/\">Leer m\u00e1s<\/a><\/p>\n","protected":false},"author":2,"featured_media":2310,"comment_status":"closed","ping_status":"closed","sticky":false,"template":"","format":"standard","meta":{"footnotes":""},"categories":[1],"tags":[],"class_list":["post-8076","post","type-post","status-publish","format-standard","has-post-thumbnail","hentry","category-cronica"],"_links":{"self":[{"href":"https:\/\/www.radiopresidenteibanez.cl\/web\/wp-json\/wp\/v2\/posts\/8076","targetHints":{"allow":["GET"]}}],"collection":[{"href":"https:\/\/www.radiopresidenteibanez.cl\/web\/wp-json\/wp\/v2\/posts"}],"about":[{"href":"https:\/\/www.radiopresidenteibanez.cl\/web\/wp-json\/wp\/v2\/types\/post"}],"author":[{"embeddable":true,"href":"https:\/\/www.radiopresidenteibanez.cl\/web\/wp-json\/wp\/v2\/users\/2"}],"replies":[{"embeddable":true,"href":"https:\/\/www.radiopresidenteibanez.cl\/web\/wp-json\/wp\/v2\/comments?post=8076"}],"version-history":[{"count":0,"href":"https:\/\/www.radiopresidenteibanez.cl\/web\/wp-json\/wp\/v2\/posts\/8076\/revisions"}],"wp:featuredmedia":[{"embeddable":true,"href":"https:\/\/www.radiopresidenteibanez.cl\/web\/wp-json\/wp\/v2\/media\/2310"}],"wp:attachment":[{"href":"https:\/\/www.radiopresidenteibanez.cl\/web\/wp-json\/wp\/v2\/media?parent=8076"}],"wp:term":[{"taxonomy":"category","embeddable":true,"href":"https:\/\/www.radiopresidenteibanez.cl\/web\/wp-json\/wp\/v2\/categories?post=8076"},{"taxonomy":"post_tag","embeddable":true,"href":"https:\/\/www.radiopresidenteibanez.cl\/web\/wp-json\/wp\/v2\/tags?post=8076"}],"curies":[{"name":"wp","href":"https:\/\/api.w.org\/{rel}","templated":true}]}}