{"id":8068,"date":"2019-11-17T16:19:00","date_gmt":"2019-11-17T16:19:00","guid":{"rendered":"https:\/\/www.radiopresidenteibanez.cl\/web\/?p=8068"},"modified":"2019-11-17T16:19:04","modified_gmt":"2019-11-17T16:19:04","slug":"diputada-amar-realiza-indicaciones-a-presupuesto-2020","status":"publish","type":"post","link":"https:\/\/www.radiopresidenteibanez.cl\/web\/diputada-amar-realiza-indicaciones-a-presupuesto-2020\/","title":{"rendered":"DIPUTADA AMAR REALIZA INDICACIONES A PRESUPUESTO 2020"},"content":{"rendered":"\n<p>\n\nEn el marco de la discusi\u00f3n presupuestaria 2020 en la C\u00e1mara de Diputados, la parlamentaria gremialista, Sandra Amar, realiz\u00f3 indicaciones en las partidas de Salud y Transporte.<\/p>\n\n\n\n<p>En la relativa a salud apunt\u00f3 principalmente al d\u00e9ficit de personal y especialistas, adem\u00e1s de problemas de camas y listas de espera.<\/p>\n\n\n\n<p>La parlamentaria se\u00f1al\u00f3 que \u201clas necesidades son m\u00faltiples, especialmente en lo que respecta a especialistas y a contar con mayores recursos para subsanar el d\u00e9ficit de recursos humanos\u201d.<\/p>\n\n\n\n<p>En cuanto a Transporte, Amar expuso la necesidad que tienen los habitantes de Punta Daroch de contar con un transporte estatal que realice en forma regular el cruce hacia Puerto Natales. \u201cLas pol\u00edticas centralistas obvian que hay chilenos con derecho a tener acceso a salud y educaci\u00f3n en las zonas m\u00e1s rec\u00f3nditas de este pa\u00eds. Por lo mismo, quise reiterar la necesidad que tienen las personas que habitan Punta Daroch, de contar con un transporte seguro. No es posible que dependan en un 100% de la caridad de otros. Es el Estado el que debe hacerse cargo de garantizar el acceso al transporte\u201d, afirm\u00f3 la diputada, y record\u00f3 que esta situaci\u00f3n ha sido planteada en diversas ocasiones al Ministerio -incluyendo a la Ministra Gloria Huttt- y que a\u00fan no ha tenido respuesta.<\/p>\n\n\n\n<p>Finalmente, ambas indicaciones fueron declaradas inadmisibles por el ejecutivo porque implicaban aumento de presupuesto, facultad exclusiva del Ejecutivo. Pese a ello Amar indic\u00f3 que \u201cera necesario hacer la indicaci\u00f3n y exponer cu\u00e1les son las necesidades que tienen los magall\u00e1nicos en esta materia\u201d.\n\n<\/p>\n","protected":false},"excerpt":{"rendered":"<p>En el marco de la discusi\u00f3n presupuestaria 2020 en la C\u00e1mara de Diputados, la parlamentaria gremialista, Sandra Amar, realiz\u00f3 indicaciones en las partidas de Salud y Transporte. En la relativa&#8230; <a class=\"read-more\" href=\"https:\/\/www.radiopresidenteibanez.cl\/web\/diputada-amar-realiza-indicaciones-a-presupuesto-2020\/\">Leer m\u00e1s<\/a><\/p>\n","protected":false},"author":2,"featured_media":3008,"comment_status":"closed","ping_status":"closed","sticky":false,"template":"","format":"standard","meta":{"footnotes":""},"categories":[1],"tags":[],"class_list":["post-8068","post","type-post","status-publish","format-standard","has-post-thumbnail","hentry","category-cronica"],"_links":{"self":[{"href":"https:\/\/www.radiopresidenteibanez.cl\/web\/wp-json\/wp\/v2\/posts\/8068","targetHints":{"allow":["GET"]}}],"collection":[{"href":"https:\/\/www.radiopresidenteibanez.cl\/web\/wp-json\/wp\/v2\/posts"}],"about":[{"href":"https:\/\/www.radiopresidenteibanez.cl\/web\/wp-json\/wp\/v2\/types\/post"}],"author":[{"embeddable":true,"href":"https:\/\/www.radiopresidenteibanez.cl\/web\/wp-json\/wp\/v2\/users\/2"}],"replies":[{"embeddable":true,"href":"https:\/\/www.radiopresidenteibanez.cl\/web\/wp-json\/wp\/v2\/comments?post=8068"}],"version-history":[{"count":0,"href":"https:\/\/www.radiopresidenteibanez.cl\/web\/wp-json\/wp\/v2\/posts\/8068\/revisions"}],"wp:featuredmedia":[{"embeddable":true,"href":"https:\/\/www.radiopresidenteibanez.cl\/web\/wp-json\/wp\/v2\/media\/3008"}],"wp:attachment":[{"href":"https:\/\/www.radiopresidenteibanez.cl\/web\/wp-json\/wp\/v2\/media?parent=8068"}],"wp:term":[{"taxonomy":"category","embeddable":true,"href":"https:\/\/www.radiopresidenteibanez.cl\/web\/wp-json\/wp\/v2\/categories?post=8068"},{"taxonomy":"post_tag","embeddable":true,"href":"https:\/\/www.radiopresidenteibanez.cl\/web\/wp-json\/wp\/v2\/tags?post=8068"}],"curies":[{"name":"wp","href":"https:\/\/api.w.org\/{rel}","templated":true}]}}