{"id":8065,"date":"2019-11-17T16:17:27","date_gmt":"2019-11-17T16:17:27","guid":{"rendered":"https:\/\/www.radiopresidenteibanez.cl\/web\/?p=8065"},"modified":"2019-11-17T23:50:45","modified_gmt":"2019-11-17T23:50:45","slug":"sergio-mancilla-munoz-q-e-p-d-la-junji-magallanes-llora-el-fallecimiento-de-otro-funcionario-historico","status":"publish","type":"post","link":"https:\/\/www.radiopresidenteibanez.cl\/web\/sergio-mancilla-munoz-q-e-p-d-la-junji-magallanes-llora-el-fallecimiento-de-otro-funcionario-historico\/","title":{"rendered":"SERGIO MANCILLA MU\u00d1OZ (Q.E.P.D.): LA JUNJI MAGALLANES LLORA EL FALLECIMIENTO DE OTRO FUNCIONARIO HIST\u00d3RICO"},"content":{"rendered":"\n<p>El pasado jueves 7 de noviembre de 2019 muri\u00f3 la auxiliar de servicios menores del establecimiento \u201cCaperucita Roja\u201d de Punta Arenas, Mar\u00eda Floriza M\u00e1rquez y s\u00f3lo unos pocos d\u00edas despu\u00e9s, la tarde de este s\u00e1bado 16 de noviembre, la Direcci\u00f3n Regional de la Junta Nacional de Jardines Infantiles (JUNJI) de Magallanes y de la Ant\u00e1rtica Chilena, vuelve a llorar el fallecimiento de otro funcionario hist\u00f3rico producto de una cruel enfermedad, esta vez Sergio Hern\u00e1n Mancilla Mu\u00f1oz, a los 66 a\u00f1os, quien, hasta 2018, se desempe\u00f1\u00f3 como estafeta en las oficinas ubicadas en Jos\u00e9 Men\u00e9ndez 788.&nbsp; &nbsp;<\/p>\n\n\n\n<p>\u201cDon Checho\u201d naci\u00f3 el 16 de septiembre de 1953 e ingres\u00f3 a la JUNJI el 2 de febrero de 1976, cuando ten\u00eda 23 a\u00f1os, en calidad de titular. La mayor parte de su trabajo en el servicio p\u00fablico lo realiz\u00f3 en la Direcci\u00f3n Regional, sin embargo, en alg\u00fan momento, tambi\u00e9n desempe\u00f1\u00f3 funciones en un jard\u00edn infantil.<\/p>\n\n\n\n<p>Contrajo matrimonio en 1984 con Luz S\u00e1ez. Tuvo dos hijos y cuatro nietos. Su hija Jessica es educadora de p\u00e1rvulos y actualmente se desempe\u00f1a en el establecimiento \u201cBambi\u201d de Punta Arenas. Fue un gran hincha incondicional del equipo de f\u00fatbol profesional de sus amores, la Universidad de Chile.<\/p>\n\n\n\n<p>La directora regional subrogante de la JUNJI, Marisol Villegas N\u00fa\u00f1ez, calific\u00f3 a Sergio como un \u201cnotable compa\u00f1ero de ruta, siempre con una actitud positiva, tolerancia y aceptaci\u00f3n frente a las distintas tareas que deb\u00eda ejecutar, a\u00fan frente a la diversidad, acarreando y trasladando material did\u00e1ctico, alimentos, documentos, todas tareas importantes de apoyo a su querida instituci\u00f3n. Fue conocido en todos los servicios p\u00fablicos y empresas que coordinadamente trabajan con la JUNJI\u201d.<\/p>\n\n\n\n<p>El velorio de Sergio Mancilla se efect\u00faa en la capilla del Cementerio Municipal de Punta Arenas y sus funerales ser\u00e1n este lunes 18 de noviembre.<\/p>\n","protected":false},"excerpt":{"rendered":"<p>El pasado jueves 7 de noviembre de 2019 muri\u00f3 la auxiliar de servicios menores del establecimiento \u201cCaperucita Roja\u201d de Punta Arenas, Mar\u00eda Floriza M\u00e1rquez y s\u00f3lo unos pocos d\u00edas despu\u00e9s,&#8230; <a class=\"read-more\" href=\"https:\/\/www.radiopresidenteibanez.cl\/web\/sergio-mancilla-munoz-q-e-p-d-la-junji-magallanes-llora-el-fallecimiento-de-otro-funcionario-historico\/\">Leer m\u00e1s<\/a><\/p>\n","protected":false},"author":2,"featured_media":8074,"comment_status":"closed","ping_status":"closed","sticky":false,"template":"","format":"standard","meta":{"footnotes":""},"categories":[1],"tags":[],"class_list":["post-8065","post","type-post","status-publish","format-standard","has-post-thumbnail","hentry","category-cronica"],"_links":{"self":[{"href":"https:\/\/www.radiopresidenteibanez.cl\/web\/wp-json\/wp\/v2\/posts\/8065","targetHints":{"allow":["GET"]}}],"collection":[{"href":"https:\/\/www.radiopresidenteibanez.cl\/web\/wp-json\/wp\/v2\/posts"}],"about":[{"href":"https:\/\/www.radiopresidenteibanez.cl\/web\/wp-json\/wp\/v2\/types\/post"}],"author":[{"embeddable":true,"href":"https:\/\/www.radiopresidenteibanez.cl\/web\/wp-json\/wp\/v2\/users\/2"}],"replies":[{"embeddable":true,"href":"https:\/\/www.radiopresidenteibanez.cl\/web\/wp-json\/wp\/v2\/comments?post=8065"}],"version-history":[{"count":0,"href":"https:\/\/www.radiopresidenteibanez.cl\/web\/wp-json\/wp\/v2\/posts\/8065\/revisions"}],"wp:featuredmedia":[{"embeddable":true,"href":"https:\/\/www.radiopresidenteibanez.cl\/web\/wp-json\/wp\/v2\/media\/8074"}],"wp:attachment":[{"href":"https:\/\/www.radiopresidenteibanez.cl\/web\/wp-json\/wp\/v2\/media?parent=8065"}],"wp:term":[{"taxonomy":"category","embeddable":true,"href":"https:\/\/www.radiopresidenteibanez.cl\/web\/wp-json\/wp\/v2\/categories?post=8065"},{"taxonomy":"post_tag","embeddable":true,"href":"https:\/\/www.radiopresidenteibanez.cl\/web\/wp-json\/wp\/v2\/tags?post=8065"}],"curies":[{"name":"wp","href":"https:\/\/api.w.org\/{rel}","templated":true}]}}