{"id":8060,"date":"2019-11-15T20:31:37","date_gmt":"2019-11-15T20:31:37","guid":{"rendered":"https:\/\/www.radiopresidenteibanez.cl\/web\/?p=8060"},"modified":"2019-11-15T20:31:41","modified_gmt":"2019-11-15T20:31:41","slug":"minvu-presento-propuesta-de-diseno-participativo-de-plaza-bernardo-ohiggins-a-comunidad-de-puerto-williams","status":"publish","type":"post","link":"https:\/\/www.radiopresidenteibanez.cl\/web\/minvu-presento-propuesta-de-diseno-participativo-de-plaza-bernardo-ohiggins-a-comunidad-de-puerto-williams\/","title":{"rendered":"MINVU PRESENT\u00d3 PROPUESTA DE DISE\u00d1O PARTICIPATIVO DE PLAZA BERNARDO O\u2019HIGGINS A COMUNIDAD DE PUERTO WILLIAMS"},"content":{"rendered":"\n<p>El nuevo dise\u00f1o de esta \u00e1rea verde,&nbsp;destacar\u00e1 la identidad de la cultura yag\u00e1n, aspecto que fue solicitado en las diversas instancias de participaci\u00f3n, las que consideraron encuestas, focus group y jornadas grupales, con poblaci\u00f3n adulta, infantil y juvenil. Esta solicitud fue ratificada por la propia comunidad yag\u00e1n residente en Isla Navarino, cuyos integrantes colaboraron en la definici\u00f3n de la iconograf\u00eda y elementos distintivos que se ubicar\u00e1n en este espacio p\u00fablico.<\/p>\n\n\n\n<p>El proceso de dise\u00f1o llevado adelante por el Serviu a trav\u00e9s de la consultora Arquing Limitada, se inici\u00f3 en junio de este a\u00f1o. La iniciativa fue postulada a financiamiento por la Municipalidad de Cabo de Hornos al Programa de Espacios P\u00fablicos del Minvu, siendo seleccionada el 2018.<\/p>\n\n\n\n<p>El Seremi Minvu, Jos\u00e9 Miguel Horcos, inform\u00f3 que este espacio p\u00fablico incorpora en su dise\u00f1o toda la normativa referente a accesibilidad universal, a trav\u00e9s del mobiliario, ruta accesible, rebajes de calzadas en cruces y pisos t\u00e1ctiles, entre otros. A esto se suma iluminaci\u00f3n ornamental y paisajismo.<\/p>\n\n\n\n<p>Por su parte, el Director Regional del Serviu, Dubalio P\u00e9rez Ruiz, manifest\u00f3 su satisfacci\u00f3n por el inter\u00e9s de los residentes en aportar al dise\u00f1o \u201cTodos los proyectos que estamos desarrollando van con un proceso de participaci\u00f3n ciudadana muy amplio, para recoger las inquietudes de la comunidad que es lo fundamental y es lo que nos han encargado como pol\u00edtica de Gobierno. Y en este caso especial, destacar el hecho de que todas las ciudades principales tienen su plaza y en la ciudad de Puerto Williams no hab\u00eda una que la identificara, entonces en ese sentido es muy importante que esta plaza recoja las inquietudes de la comunidad y que tenga los aspectos que la gente quiere\u201d.<\/p>\n\n\n\n<p>El jefe de Servicio agreg\u00f3 que entre las solicitudes plasmadas en el dise\u00f1o expuesto, se encuentran la incorporaci\u00f3n de un espacio techado multiprop\u00f3sito, la definici\u00f3n de una zona que podr\u00e1 ser usada como anfiteatro para eventos masivos, construcci\u00f3n de una zona de descanso con bancas y mesas y la instalaci\u00f3n de una canoa propia del pueblo yag\u00e1n, entre algunos de sus elementos destacados.<\/p>\n\n\n\n<p>La plaza Bernardo O\u2019Higgins cuenta con una superficie de 2 mil metros cuadrados aproximadamente y se ubica ubicada frente al Liceo Donald Mc Intre Griffiths, en un entorno residencial y de servicios. En relaci\u00f3n a esta \u00e1rea, los asistentes a las jornadas de participaci\u00f3n expresaron al Municipio su inter\u00e9s por cambiar el nombre actual por uno representativo de la cultura ind\u00edgena, lo que deber\u00e1 ser sancionado por el concejo municipal.<\/p>\n","protected":false},"excerpt":{"rendered":"<p>El nuevo dise\u00f1o de esta \u00e1rea verde,&nbsp;destacar\u00e1 la identidad de la cultura yag\u00e1n, aspecto que fue solicitado en las diversas instancias de participaci\u00f3n, las que consideraron encuestas, focus group y&#8230; <a class=\"read-more\" href=\"https:\/\/www.radiopresidenteibanez.cl\/web\/minvu-presento-propuesta-de-diseno-participativo-de-plaza-bernardo-ohiggins-a-comunidad-de-puerto-williams\/\">Leer m\u00e1s<\/a><\/p>\n","protected":false},"author":2,"featured_media":8061,"comment_status":"closed","ping_status":"closed","sticky":false,"template":"","format":"standard","meta":{"footnotes":""},"categories":[1],"tags":[],"class_list":["post-8060","post","type-post","status-publish","format-standard","has-post-thumbnail","hentry","category-cronica"],"_links":{"self":[{"href":"https:\/\/www.radiopresidenteibanez.cl\/web\/wp-json\/wp\/v2\/posts\/8060","targetHints":{"allow":["GET"]}}],"collection":[{"href":"https:\/\/www.radiopresidenteibanez.cl\/web\/wp-json\/wp\/v2\/posts"}],"about":[{"href":"https:\/\/www.radiopresidenteibanez.cl\/web\/wp-json\/wp\/v2\/types\/post"}],"author":[{"embeddable":true,"href":"https:\/\/www.radiopresidenteibanez.cl\/web\/wp-json\/wp\/v2\/users\/2"}],"replies":[{"embeddable":true,"href":"https:\/\/www.radiopresidenteibanez.cl\/web\/wp-json\/wp\/v2\/comments?post=8060"}],"version-history":[{"count":0,"href":"https:\/\/www.radiopresidenteibanez.cl\/web\/wp-json\/wp\/v2\/posts\/8060\/revisions"}],"wp:featuredmedia":[{"embeddable":true,"href":"https:\/\/www.radiopresidenteibanez.cl\/web\/wp-json\/wp\/v2\/media\/8061"}],"wp:attachment":[{"href":"https:\/\/www.radiopresidenteibanez.cl\/web\/wp-json\/wp\/v2\/media?parent=8060"}],"wp:term":[{"taxonomy":"category","embeddable":true,"href":"https:\/\/www.radiopresidenteibanez.cl\/web\/wp-json\/wp\/v2\/categories?post=8060"},{"taxonomy":"post_tag","embeddable":true,"href":"https:\/\/www.radiopresidenteibanez.cl\/web\/wp-json\/wp\/v2\/tags?post=8060"}],"curies":[{"name":"wp","href":"https:\/\/api.w.org\/{rel}","templated":true}]}}