{"id":8049,"date":"2019-11-15T19:36:34","date_gmt":"2019-11-15T19:36:34","guid":{"rendered":"https:\/\/www.radiopresidenteibanez.cl\/web\/?p=8049"},"modified":"2019-11-15T19:36:39","modified_gmt":"2019-11-15T19:36:39","slug":"resultados-de-una-encuesta-sobre-bienestar-territorial-se-presentaron-en-la-tercera-sesion-punta-arenas-la-ciudad-que-queremos","status":"publish","type":"post","link":"https:\/\/www.radiopresidenteibanez.cl\/web\/resultados-de-una-encuesta-sobre-bienestar-territorial-se-presentaron-en-la-tercera-sesion-punta-arenas-la-ciudad-que-queremos\/","title":{"rendered":"RESULTADOS DE UNA ENCUESTA SOBRE BIENESTAR TERRITORIAL SE PRESENTARON EN LA TERCERA SESI\u00d3N \u201cPUNTA ARENAS: LA CIUDAD QUE QUEREMOS\u201d"},"content":{"rendered":"\n<p>La C\u00e1mara Chilena de la Construcci\u00f3n de Punta Arenas realiz\u00f3 la tercera sesi\u00f3n de la Mesa de trabajo que lidera el proyecto \u201cPunta Arenas: la ciudad que queremos\u201d, el cual tiene por objetivo impulsar un proceso de di\u00e1logo p\u00fablico-privado que permita acordar una visi\u00f3n de ciudad con mirada integrada y de largo plazo que mejore el bienestar territorial de los habitantes de la capital de la regi\u00f3n de Magallanes.<\/p>\n\n\n\n<p>En esta ocasi\u00f3n, se present\u00f3 una encuesta que se efectu\u00f3 cuatrocientos puntarenenses mayores de 18 a\u00f1os y residentes desde hace m\u00ednimo un a\u00f1o en la ciudad sobre diferentes aspectos de la planificaci\u00f3n y bienestar territorial. La encuesta se aplic\u00f3 desde el viernes 4 al mi\u00e9rcoles 16 de octubre del presente a\u00f1o.<\/p>\n\n\n\n<p>\u201cTomando en cuenta la actualidad de nuestro pa\u00eds y de nuestra ciudad en s\u00ed, esta es una instancia valorable porque tenemos sentados en la Mesa a distintos actores sociales, lo cual nos hace tener una visi\u00f3n muy amplia del proyecto en el que estamos involucramos. Estamos en nuestra tercera sesi\u00f3n y estamos muy bien encaminados\u201d, se\u00f1al\u00f3 Jos\u00e9 Alvarado, presidente de la C\u00e1mara de Punta Arenas.<\/p>\n\n\n\n<p>Dentro de los resultados m\u00e1s importantes de la encuesta se encuentran que el 93% tiene disposici\u00f3n para continuar viviendo en Punta Arenas y el 81,1% se quedar\u00eda viviendo en el mismo barrio, pero que el 29,9% se averg\u00fcenza de los lugares abandonados en la ciudad (como el hospital antiguo). A su vez, los lugares que consideran que se est\u00e1n desarrollando mejor son la Costanera (21,9%) y la Zona Franca\/Mall (18,4%). Frente a la pregunta \u201c\u00bfqu\u00e9 tan satisfecho se encuentra usted con la vida en la ciudad?\u201d la respuesta media fue de 5,4, bastante alto para este tipo de encuestas. Sobre la caracter\u00edstica favorita de Punta Arenas, los encuestados se\u00f1alaron la categor\u00eda social (59,1%), aludiendo en un 41,1% de las veces a la tranquilidad de la ciudad.<\/p>\n\n\n\n<p>\u201cLos resultados fueron muy interesantes porque hay una serie de demandas que dan cuenta de ciertas condiciones de la ciudad que, de alg\u00fan modo, demuestran ciertas inequidades: estas ciudades injustas que hemos construido, tanto en Punta Arenas como en el resto de las ciudades en Chile. La ciudad genera pasivos ambientales se convierten en foco de problemas sociales importantes. La encuesta da cuenta de la necesidad de que Punta Arenas sea una ciudad tranquila, punto que debatimos en la sesi\u00f3n respecto a cu\u00e1l la definici\u00f3n y llegamos a la conclusi\u00f3n que los puntarenenses consideran tranquilidad a una ciudad donde exista mayor cohesi\u00f3n social\u201d, explica Juan Manuel S\u00e1nchez, director ejecutivo de Corporaci\u00f3n Ciudades.<\/p>\n\n\n\n<p>Durante la tercera sesi\u00f3n de la Mesa de \u201cPunta Arenas: la ciudad que queremos\u201d se realizaron dos presentaciones de expertos en distintos temas. Primero, Danilo Martic, arquitecto profesor de la Escuela de Arquitectura de la Pontificia Universidad Cat\u00f3lica, present\u00f3 la exposici\u00f3n \u201dMagallanes 2020: Proyectos de paisaje urbano en la Patagonia\u201d.<\/p>\n\n\n\n<p>\u201cExpuse una serie de proyectos acad\u00e9micos de alumnos que se realizaron en el marco de un seminario de investigaci\u00f3n con motivo de aniversario de los 500 a\u00f1os del descubrimiento del Estrecho de Magallanes. Es una serie de proyectos arquitect\u00f3nicos en Punta Arenas, de espacio p\u00fablico y paisajes urbanos. Son alumnos que han pensado la ciudad, el territorio, con todas las restricciones, han levantado ideas y temas y eso es uno de los objetivos de la mesa\u201d, indic\u00f3 Martic.<\/p>\n\n\n\n<p>Finalmente,&nbsp;Rodrigo Guendelman,&nbsp;periodista reconocido por Santiago Adicto habl\u00f3 a los asistentes sobre la importancia de dar a conocer la pasi\u00f3n por la ciudad que habitamos.<\/p>\n\n\n\n<p>\u201cHoy, adem\u00e1s, de Santiago Adicto, hay Rancagua, Maule, Concepci\u00f3n y Chile Adicto. Todas las cuentas de regiones han sido propuestas por personas que han conversado con nosotros y han partido con sus cuentas y han ido creciendo de manera s\u00faper interesante. Me llam\u00f3 la atenci\u00f3n no encontrar ninguna cuenta sobre Punta Arenas Adicto, creada por la ciudadan\u00eda, para mostrar las maravillas que tiene esta parte del mundo. Falta creerse un poco m\u00e1s el cuento, de cari\u00f1o por el lugar donde se vive, y demostrarlo con orgullo, y gritarlo y viralizarlo. Las redes sociales como Instagram se crean espacios de conversaci\u00f3n sobre la ciudad, permite debate y discusi\u00f3n, propuestas de proyectos, etc.\u201d, concluy\u00f3 Guendelman.<\/p>\n\n\n\n<p>Conoce m\u00e1s sobre \u00abPunta Arenas: la ciudad que queremos\u00bb\u00a0<a rel=\"noreferrer noopener\" href=\"https:\/\/www.cchc.cl\/eventos\/punta-arenas-la-ciudad-que-queremos\" target=\"_blank\">aqu\u00ed<\/a>. <\/p>\n","protected":false},"excerpt":{"rendered":"<p>La C\u00e1mara Chilena de la Construcci\u00f3n de Punta Arenas realiz\u00f3 la tercera sesi\u00f3n de la Mesa de trabajo que lidera el proyecto \u201cPunta Arenas: la ciudad que queremos\u201d, el cual&#8230; <a class=\"read-more\" href=\"https:\/\/www.radiopresidenteibanez.cl\/web\/resultados-de-una-encuesta-sobre-bienestar-territorial-se-presentaron-en-la-tercera-sesion-punta-arenas-la-ciudad-que-queremos\/\">Leer m\u00e1s<\/a><\/p>\n","protected":false},"author":2,"featured_media":8050,"comment_status":"closed","ping_status":"closed","sticky":false,"template":"","format":"standard","meta":{"footnotes":""},"categories":[1],"tags":[],"class_list":["post-8049","post","type-post","status-publish","format-standard","has-post-thumbnail","hentry","category-cronica"],"_links":{"self":[{"href":"https:\/\/www.radiopresidenteibanez.cl\/web\/wp-json\/wp\/v2\/posts\/8049","targetHints":{"allow":["GET"]}}],"collection":[{"href":"https:\/\/www.radiopresidenteibanez.cl\/web\/wp-json\/wp\/v2\/posts"}],"about":[{"href":"https:\/\/www.radiopresidenteibanez.cl\/web\/wp-json\/wp\/v2\/types\/post"}],"author":[{"embeddable":true,"href":"https:\/\/www.radiopresidenteibanez.cl\/web\/wp-json\/wp\/v2\/users\/2"}],"replies":[{"embeddable":true,"href":"https:\/\/www.radiopresidenteibanez.cl\/web\/wp-json\/wp\/v2\/comments?post=8049"}],"version-history":[{"count":0,"href":"https:\/\/www.radiopresidenteibanez.cl\/web\/wp-json\/wp\/v2\/posts\/8049\/revisions"}],"wp:featuredmedia":[{"embeddable":true,"href":"https:\/\/www.radiopresidenteibanez.cl\/web\/wp-json\/wp\/v2\/media\/8050"}],"wp:attachment":[{"href":"https:\/\/www.radiopresidenteibanez.cl\/web\/wp-json\/wp\/v2\/media?parent=8049"}],"wp:term":[{"taxonomy":"category","embeddable":true,"href":"https:\/\/www.radiopresidenteibanez.cl\/web\/wp-json\/wp\/v2\/categories?post=8049"},{"taxonomy":"post_tag","embeddable":true,"href":"https:\/\/www.radiopresidenteibanez.cl\/web\/wp-json\/wp\/v2\/tags?post=8049"}],"curies":[{"name":"wp","href":"https:\/\/api.w.org\/{rel}","templated":true}]}}