{"id":8046,"date":"2019-11-15T19:22:05","date_gmt":"2019-11-15T19:22:05","guid":{"rendered":"https:\/\/www.radiopresidenteibanez.cl\/web\/?p=8046"},"modified":"2019-11-15T19:22:16","modified_gmt":"2019-11-15T19:22:16","slug":"intendente-fernandez-hemos-escuchado-la-voz-de-la-gente-y-podemos-decir-que-esta-nueva-constitucion-sera-obra-de-todos-los-chilenos-la-primera-creada-en-democracia","status":"publish","type":"post","link":"https:\/\/www.radiopresidenteibanez.cl\/web\/intendente-fernandez-hemos-escuchado-la-voz-de-la-gente-y-podemos-decir-que-esta-nueva-constitucion-sera-obra-de-todos-los-chilenos-la-primera-creada-en-democracia\/","title":{"rendered":"INTENDENTE FERN\u00c1NDEZ: \u201cHEMOS ESCUCHADO LA VOZ DE LA GENTE Y PODEMOS DECIR QUE ESTA NUEVA CONSTITUCI\u00d3N SER\u00c1 OBRA DE TODOS LOS CHILENOS, LA PRIMERA CREADA EN DEMOCRACIA\u201d"},"content":{"rendered":"\n<p>El Intendente de Magallanes y de\nla Ant\u00e1rtica Chilena, Jos\u00e9 Fern\u00e1ndez D\u00fcbrock, acompa\u00f1ado por la Seremi de\nGobierno, Alejandra Mu\u00f1oz, dio a conocer a la comunidad magall\u00e1nica los avances\nobtenidos por los parlamentarios oficialistas y de la oposici\u00f3n, tras anunciar\nla madrugada de hoy la realizaci\u00f3n de un plebiscito que se efectuar\u00e1 el pr\u00f3ximo\na\u00f1o con el fin de elegir el mecanismo para la redacci\u00f3n de una nueva\nConstituci\u00f3n para la naci\u00f3n.<\/p>\n\n\n\n<p>Este proceso se enmarca en el\nllamado del Presidente Sebasti\u00e1n Pi\u00f1era a buscar Acuerdos por la Paz, la\nJusticia Social y para la elaboraci\u00f3n de una nueva Carta Magna, lo cual se\ngest\u00f3 tras escuchar a la ciudadan\u00eda en las numerosas y masivas manifestaciones\nque se han desarrollado desde Arica a Punta Arenas.<\/p>\n\n\n\n<p>Es este contexto, la m\u00e1xima\nautoridad regional recalc\u00f3 que se ha demostrado que el di\u00e1logo y la\nparticipaci\u00f3n ciudadana han sido las mejores herramientas para superar las\nleg\u00edtimas diferencias y as\u00ed poder retomar el camino de la paz, el entendimiento\ny la justicia, situaci\u00f3n que no ha sido f\u00e1cil, pero que se ha asumido con total\ntransparencia.<\/p>\n\n\n\n<p>\u201cAhora es el momento en que todos\ntrabajemos juntos, dejemos de lado, nuestras diferencias, los odios y las\nrencillas, y unidos volvamos levantar a Chile, por el \u00fanico fin retomar la\nsenda de la convivencia, el progreso y la unidad. Tenemos la m\u00e1s absoluta\nconvicci\u00f3n de que hemos escuchado con humildad y con respeto la voz de la gente\ny hoy podemos decir que esta nueva carta fundamental ser\u00e1 obra de todos los\nchilenos, la primera creada en democracia\u201d, enfatiz\u00f3.<\/p>\n\n\n\n<p>La consulta ciudadana se llevar\u00e1\na cabo el 20 de abril de 2020, y la comunidad podr\u00e1 escoger por la opci\u00f3n de\nuna Convenci\u00f3n Constitucional, o una Convenci\u00f3n Mixta Constitucional. En el\nprimer caso, sus integrantes ser\u00e1n electos \u00edntegramente para este efecto, en\noctubre del pr\u00f3ximo a\u00f1o, en conjunto con las elecciones regionales y\nmunicipales bajo el sufragio universal. <\/p>\n\n\n\n<p>En tanto, en la segunda opci\u00f3n,\nla instancia estar\u00e1 conformada en un 50% por miembros elegidos por la misma\ngente y el otro 50% por parlamentarios, los que de ser escogidos para este\nproceso, deber\u00e1n cesar de sus cargos apenas el Servicio Electoral acepte su\ncandidatura a la asamblea.<\/p>\n\n\n\n<p>Finalmente, el Intendente\nFern\u00e1ndez puntualiz\u00f3 que \u201cdesde Puerto Natales, Punta Arenas, Porvenir, Puerto\nWilliams y todas las comunas de la regi\u00f3n m\u00e1s austral de Chile haremos todos\nlos esfuerzos necesarios para que esto se concrete lo antes posible, pero es\nnecesario que la gente entienda que esto no se puede hacer de un d\u00eda para otro,\nrequiere de tiempo y dedicaci\u00f3n, y sobre todo la uni\u00f3n de todas las chilenas y\nchilenos. Es hora de ponerse la camiseta por el pa\u00eds\u201d.<\/p>\n","protected":false},"excerpt":{"rendered":"<p>El Intendente de Magallanes y de la Ant\u00e1rtica Chilena, Jos\u00e9 Fern\u00e1ndez D\u00fcbrock, acompa\u00f1ado por la Seremi de Gobierno, Alejandra Mu\u00f1oz, dio a conocer a la comunidad magall\u00e1nica los avances obtenidos&#8230; <a class=\"read-more\" href=\"https:\/\/www.radiopresidenteibanez.cl\/web\/intendente-fernandez-hemos-escuchado-la-voz-de-la-gente-y-podemos-decir-que-esta-nueva-constitucion-sera-obra-de-todos-los-chilenos-la-primera-creada-en-democracia\/\">Leer m\u00e1s<\/a><\/p>\n","protected":false},"author":2,"featured_media":8047,"comment_status":"closed","ping_status":"closed","sticky":false,"template":"","format":"standard","meta":{"footnotes":""},"categories":[1],"tags":[],"class_list":["post-8046","post","type-post","status-publish","format-standard","has-post-thumbnail","hentry","category-cronica"],"_links":{"self":[{"href":"https:\/\/www.radiopresidenteibanez.cl\/web\/wp-json\/wp\/v2\/posts\/8046","targetHints":{"allow":["GET"]}}],"collection":[{"href":"https:\/\/www.radiopresidenteibanez.cl\/web\/wp-json\/wp\/v2\/posts"}],"about":[{"href":"https:\/\/www.radiopresidenteibanez.cl\/web\/wp-json\/wp\/v2\/types\/post"}],"author":[{"embeddable":true,"href":"https:\/\/www.radiopresidenteibanez.cl\/web\/wp-json\/wp\/v2\/users\/2"}],"replies":[{"embeddable":true,"href":"https:\/\/www.radiopresidenteibanez.cl\/web\/wp-json\/wp\/v2\/comments?post=8046"}],"version-history":[{"count":0,"href":"https:\/\/www.radiopresidenteibanez.cl\/web\/wp-json\/wp\/v2\/posts\/8046\/revisions"}],"wp:featuredmedia":[{"embeddable":true,"href":"https:\/\/www.radiopresidenteibanez.cl\/web\/wp-json\/wp\/v2\/media\/8047"}],"wp:attachment":[{"href":"https:\/\/www.radiopresidenteibanez.cl\/web\/wp-json\/wp\/v2\/media?parent=8046"}],"wp:term":[{"taxonomy":"category","embeddable":true,"href":"https:\/\/www.radiopresidenteibanez.cl\/web\/wp-json\/wp\/v2\/categories?post=8046"},{"taxonomy":"post_tag","embeddable":true,"href":"https:\/\/www.radiopresidenteibanez.cl\/web\/wp-json\/wp\/v2\/tags?post=8046"}],"curies":[{"name":"wp","href":"https:\/\/api.w.org\/{rel}","templated":true}]}}