{"id":8042,"date":"2019-11-14T20:47:25","date_gmt":"2019-11-14T20:47:25","guid":{"rendered":"https:\/\/www.radiopresidenteibanez.cl\/web\/?p=8042"},"modified":"2019-11-14T20:47:29","modified_gmt":"2019-11-14T20:47:29","slug":"representantes-de-las-iglesias-catolica-evangelica-y-luterana-oraron-por-magallanes-en-reunion-del-gabinete-regional","status":"publish","type":"post","link":"https:\/\/www.radiopresidenteibanez.cl\/web\/representantes-de-las-iglesias-catolica-evangelica-y-luterana-oraron-por-magallanes-en-reunion-del-gabinete-regional\/","title":{"rendered":"REPRESENTANTES DE LAS IGLESIAS CAT\u00d3LICA, EVANG\u00c9LICA Y LUTERANA ORARON POR MAGALLANES EN REUNI\u00d3N DEL GABINETE REGIONAL"},"content":{"rendered":"\n<p>Tras el llamado del Presidente Sebasti\u00e1n Pi\u00f1era a crear un\nAcuerdo por la Paz, el Intendente de Magallanes y de la Ant\u00e1rtica Chilena, Jos\u00e9\nFern\u00e1ndez D\u00fcbrock, invit\u00f3 a una reuni\u00f3n a los representantes locales de las\niglesias Cat\u00f3lica, Evang\u00e9lica y Luterana, para sostener una conversaci\u00f3n e\nintercambiar ideas en torno a c\u00f3mo poder conciliar a la comunidad magall\u00e1nica\nen tiempos en que los actos violentos y vand\u00e1licos causados por un grupo\nminoritario de personas opacan a las grandes marchas pac\u00edficas y atemorizan a\nla ciudadan\u00eda en general.<\/p>\n\n\n\n<p>En el c\u00f3nclave, se expusieron diversos planteamientos y\nvisiones desde la perspectiva como ciudadanos y tambi\u00e9n como miembros de las\ncomunidades eclesi\u00e1sticas respecto a lo que est\u00e1 ocurriendo con el descontento\nsocial, mostr\u00e1ndose a favor de apoyar las demandas de la ciudadan\u00eda, pero\nrechazando toda conducta violenta que atente con avanzar en ir edificando un\nmayor bienestar a las personas que habitan en este pa\u00eds.<\/p>\n\n\n\n<p>\u201cLos representantes de la fe son personas que tienen\ninjerencia sobre sus fieles y nos pueden ayudar a trabajar por la paz, porque\nnuestra sociedad en este \u00faltimo tiempo la hemos visto que est\u00e1 bastante\nvulnerada en el sentido de los actos vand\u00e1licos que se est\u00e1n produciendo, tanto\nen la ciudad de Punta Arenas como en el resto del pa\u00eds, y si no logramos tener\npaz es muy dif\u00edcil que podamos llegar a un consenso para poder trabajar en las\ndemandas de la ciudadan\u00eda\u201d, indic\u00f3 la m\u00e1xima autoridad regional.<\/p>\n\n\n\n<p>Por su parte, el presidente de la Confraternidad de Pastores\nEvang\u00e9licos de Punta Arenas, David Paill\u00e1n, reconoci\u00f3 que \u201cdeseamos que nuestra\nregi\u00f3n y nuestro pa\u00eds viva en paz, no en esta aparente tranquilidad, sino que\nrealmente que vivamos en la paz interior mucho m\u00e1s fuerte que nos da Jes\u00fas,\nporque en medio de las dificultades y la tormenta nosotros tenemos que\nmantenernos as\u00ed. Nuestro llamado es que la sociedad pueda volver a la cordura,\nal sentido com\u00fan y que podamos trabajar todos juntos por la paz\u201d.<\/p>\n\n\n\n<p>En el mismo contexto, el pastor de la Iglesia Luterana,\n\u00d3scar Sanhueza, asegur\u00f3 que \u201ccomo iglesia queremos sumarnos con todos nuestros\nhermanos cristianos a orar por nuestra regi\u00f3n y por el pa\u00eds, y en ese esp\u00edritu\nabrimos nuestros templos y espacios para poder reflexionar y ver en qu\u00e9 medida\npodemos contribuir para que esta paz sea posible\u201d.<\/p>\n\n\n\n<p>Finalmente, el vicario general de la Di\u00f3cesis de Punta\nArenas, Fredy Subiabre llam\u00f3 a buscar caminos de encuentro aclarando que \u201clas\ndemandas de la ciudadan\u00eda son leg\u00edtimas y todos las compartimos, por eso esta\ncrisis es una oportunidad para transformar esas estructuras injustas, pero al\nmismo tiempo, estas demandas se deslegitiman con la violencia. El Intendente\nnos dec\u00eda que hoy d\u00eda el tema no son, lastimosamente, las injusticias que se\nest\u00e1n viviendo en nuestra patria, sino que es la violencia de la que somos testigos\ny que rechazamos abiertamente\u201d.<\/p>\n\n\n\n<p>Tras el encuentro, los pastores se trasladaron hasta el\nsal\u00f3n Nelda Panicucci, minutos antes de que comenzara una reuni\u00f3n de\ncoordinaci\u00f3n entre el Intendente y los cada uno de los Seremis de Magallanes,\ndonde los representantes de la fe oraron por esta regi\u00f3n y para que la\ncomunidad pueda encontrar el camino a la paz, al di\u00e1logo y a la unidad.<\/p>\n","protected":false},"excerpt":{"rendered":"<p>Tras el llamado del Presidente Sebasti\u00e1n Pi\u00f1era a crear un Acuerdo por la Paz, el Intendente de Magallanes y de la Ant\u00e1rtica Chilena, Jos\u00e9 Fern\u00e1ndez D\u00fcbrock, invit\u00f3 a una reuni\u00f3n&#8230; <a class=\"read-more\" href=\"https:\/\/www.radiopresidenteibanez.cl\/web\/representantes-de-las-iglesias-catolica-evangelica-y-luterana-oraron-por-magallanes-en-reunion-del-gabinete-regional\/\">Leer m\u00e1s<\/a><\/p>\n","protected":false},"author":2,"featured_media":8043,"comment_status":"closed","ping_status":"closed","sticky":false,"template":"","format":"standard","meta":{"footnotes":""},"categories":[1],"tags":[],"class_list":["post-8042","post","type-post","status-publish","format-standard","has-post-thumbnail","hentry","category-cronica"],"_links":{"self":[{"href":"https:\/\/www.radiopresidenteibanez.cl\/web\/wp-json\/wp\/v2\/posts\/8042","targetHints":{"allow":["GET"]}}],"collection":[{"href":"https:\/\/www.radiopresidenteibanez.cl\/web\/wp-json\/wp\/v2\/posts"}],"about":[{"href":"https:\/\/www.radiopresidenteibanez.cl\/web\/wp-json\/wp\/v2\/types\/post"}],"author":[{"embeddable":true,"href":"https:\/\/www.radiopresidenteibanez.cl\/web\/wp-json\/wp\/v2\/users\/2"}],"replies":[{"embeddable":true,"href":"https:\/\/www.radiopresidenteibanez.cl\/web\/wp-json\/wp\/v2\/comments?post=8042"}],"version-history":[{"count":0,"href":"https:\/\/www.radiopresidenteibanez.cl\/web\/wp-json\/wp\/v2\/posts\/8042\/revisions"}],"wp:featuredmedia":[{"embeddable":true,"href":"https:\/\/www.radiopresidenteibanez.cl\/web\/wp-json\/wp\/v2\/media\/8043"}],"wp:attachment":[{"href":"https:\/\/www.radiopresidenteibanez.cl\/web\/wp-json\/wp\/v2\/media?parent=8042"}],"wp:term":[{"taxonomy":"category","embeddable":true,"href":"https:\/\/www.radiopresidenteibanez.cl\/web\/wp-json\/wp\/v2\/categories?post=8042"},{"taxonomy":"post_tag","embeddable":true,"href":"https:\/\/www.radiopresidenteibanez.cl\/web\/wp-json\/wp\/v2\/tags?post=8042"}],"curies":[{"name":"wp","href":"https:\/\/api.w.org\/{rel}","templated":true}]}}