{"id":8040,"date":"2019-11-14T20:45:13","date_gmt":"2019-11-14T20:45:13","guid":{"rendered":"https:\/\/www.radiopresidenteibanez.cl\/web\/?p=8040"},"modified":"2019-11-14T20:45:17","modified_gmt":"2019-11-14T20:45:17","slug":"municipalidad-de-punta-arenas-modifica-ordenanza-para-poder-ser-parte-de-la-consulta-ciudadana-el-7-de-diciembre","status":"publish","type":"post","link":"https:\/\/www.radiopresidenteibanez.cl\/web\/municipalidad-de-punta-arenas-modifica-ordenanza-para-poder-ser-parte-de-la-consulta-ciudadana-el-7-de-diciembre\/","title":{"rendered":"MUNICIPALIDAD DE PUNTA ARENAS MODIFICA ORDENANZA PARA PODER SER PARTE DE LA CONSULTA CIUDADANA EL 7 DE DICIEMBRE"},"content":{"rendered":"\n<p>El pr\u00f3ximo 7 de diciembre se desarrollar\u00e1 la Consulta Ciudadana impulsada por los Municipios de todo Chile, y Punta Arenas no pod\u00eda quedar fuera de este hist\u00f3rico momento, raz\u00f3n por la cual en la sesi\u00f3n de Concejo Municipal realizada el 13 de noviembre 2019, se vot\u00f3 a favor de modificar la actual ordenanza sobre Participaci\u00f3n Ciudadana con el fin de integrarse al proceso consultivo.<\/p>\n\n\n\n<p>\u201cLa Municipalidad es un facilitador para la participaci\u00f3n de los vecinos de Punta Arenas\u201d, fue lo que dijo el alcalde Claudio Radonich previo a leer la propuesta entregada a los concejales para la realizaci\u00f3n de la votaci\u00f3n, que result\u00f3 con 7 votos favorables, uno en contra y otra ausencia por motivos de salud.<\/p>\n\n\n\n<p>En esa l\u00ednea, Radonich agreg\u00f3 que \u201cbuscamos que sea un proceso participativo, informado y con un est\u00e1ndar com\u00fan, motivo por el cual estamos a la espera de lo que se acuerde a nivel de los municipios de Chile, para poder comenzar a coordinar la concreci\u00f3n de la Consulta Ciudadana del 7 de diciembre\u201d.<\/p>\n\n\n\n<p>Luego de la votaci\u00f3n del Concejo Municipal, el Art\u00edculo 25 y 28 fueron modificados, por lo que se hace posible la participaci\u00f3n de Punta Arenas en la Consulta Ciudadana 2019.<\/p>\n\n\n\n<p>Finalmente, la Ordenanza local queda de la siguiente manera.&nbsp; El art\u00edculo n\u00ba 25 establece que \u201clas consultas, encuestas o sondeos de opini\u00f3n, tienen por objeto explorar las percepciones, sentimientos y proposiciones evaluativas de la comunidad hacia la gesti\u00f3n municipal u otras materias de inter\u00e9s de la comunidad\u201d.<\/p>\n\n\n\n<p>En tanto, el art\u00edculo n\u00ba 28 se define incorporando que \u201clas conclusiones de la consulta vecinal se difundir\u00e1n en el \u00e1mbito que haya sido realizada la misma. Los resultados de la consulta no tendr\u00e1n car\u00e1cter vinculatorio, pero podr\u00e1n ser considerados como elementos de juicio para el ejercicio de las funciones de la Municipalidad\u201d.<\/p>\n","protected":false},"excerpt":{"rendered":"<p>El pr\u00f3ximo 7 de diciembre se desarrollar\u00e1 la Consulta Ciudadana impulsada por los Municipios de todo Chile, y Punta Arenas no pod\u00eda quedar fuera de este hist\u00f3rico momento, raz\u00f3n por&#8230; <a class=\"read-more\" href=\"https:\/\/www.radiopresidenteibanez.cl\/web\/municipalidad-de-punta-arenas-modifica-ordenanza-para-poder-ser-parte-de-la-consulta-ciudadana-el-7-de-diciembre\/\">Leer m\u00e1s<\/a><\/p>\n","protected":false},"author":2,"featured_media":740,"comment_status":"closed","ping_status":"closed","sticky":false,"template":"","format":"standard","meta":{"footnotes":""},"categories":[1],"tags":[],"class_list":["post-8040","post","type-post","status-publish","format-standard","has-post-thumbnail","hentry","category-cronica"],"_links":{"self":[{"href":"https:\/\/www.radiopresidenteibanez.cl\/web\/wp-json\/wp\/v2\/posts\/8040","targetHints":{"allow":["GET"]}}],"collection":[{"href":"https:\/\/www.radiopresidenteibanez.cl\/web\/wp-json\/wp\/v2\/posts"}],"about":[{"href":"https:\/\/www.radiopresidenteibanez.cl\/web\/wp-json\/wp\/v2\/types\/post"}],"author":[{"embeddable":true,"href":"https:\/\/www.radiopresidenteibanez.cl\/web\/wp-json\/wp\/v2\/users\/2"}],"replies":[{"embeddable":true,"href":"https:\/\/www.radiopresidenteibanez.cl\/web\/wp-json\/wp\/v2\/comments?post=8040"}],"version-history":[{"count":0,"href":"https:\/\/www.radiopresidenteibanez.cl\/web\/wp-json\/wp\/v2\/posts\/8040\/revisions"}],"wp:featuredmedia":[{"embeddable":true,"href":"https:\/\/www.radiopresidenteibanez.cl\/web\/wp-json\/wp\/v2\/media\/740"}],"wp:attachment":[{"href":"https:\/\/www.radiopresidenteibanez.cl\/web\/wp-json\/wp\/v2\/media?parent=8040"}],"wp:term":[{"taxonomy":"category","embeddable":true,"href":"https:\/\/www.radiopresidenteibanez.cl\/web\/wp-json\/wp\/v2\/categories?post=8040"},{"taxonomy":"post_tag","embeddable":true,"href":"https:\/\/www.radiopresidenteibanez.cl\/web\/wp-json\/wp\/v2\/tags?post=8040"}],"curies":[{"name":"wp","href":"https:\/\/api.w.org\/{rel}","templated":true}]}}