{"id":8037,"date":"2019-11-14T20:33:26","date_gmt":"2019-11-14T20:33:26","guid":{"rendered":"https:\/\/www.radiopresidenteibanez.cl\/web\/?p=8037"},"modified":"2019-11-14T20:33:30","modified_gmt":"2019-11-14T20:33:30","slug":"intendente-se-reunio-con-directiva-de-la-asociacion-nacional-de-futbol-amateur-para-analizar-proximo-campeonato-en-febrero-de-2020","status":"publish","type":"post","link":"https:\/\/www.radiopresidenteibanez.cl\/web\/intendente-se-reunio-con-directiva-de-la-asociacion-nacional-de-futbol-amateur-para-analizar-proximo-campeonato-en-febrero-de-2020\/","title":{"rendered":"INTENDENTE SE REUNI\u00d3 CON DIRECTIVA DE LA ASOCIACI\u00d3N NACIONAL DE F\u00daTBOL AMATEUR PARA ANALIZAR PR\u00d3XIMO CAMPEONATO EN FEBRERO DE 2020"},"content":{"rendered":"\n<p>El Intendente de Magallanes y de la Ant\u00e1rtica Chilena, Jos\u00e9\nFern\u00e1ndez D\u00fcbrock, recibi\u00f3 en el sal\u00f3n Nelda Panicucci a la directiva de la\nAsociaci\u00f3n Nacional de F\u00fatbol Amateur (Anfa), con el objetivo de conocer en\ndetalle lo que ser\u00e1 el pr\u00f3ximo Campeonato Nacional de F\u00fatbol Amateur, que se\nllevar\u00e1 a cabo en Punta Arenas durante el mes de febrero de 2020.<\/p>\n\n\n\n<p>En la instancia, la comitiva le plante\u00f3 a la m\u00e1xima\nautoridad regional sus principales inquietudes en torno al financiamiento del\ncertamen, solicitando un monto aproximado de 55 millones de pesos para costear\nlos gastos que implica organizar este tipo de instancias.<\/p>\n\n\n\n<p>Al respecto, el jefe regional precis\u00f3 que \u201cnos est\u00e1n\nsolicitando un aporte que asciende a 55 millones de pesos, para lo cual debe\ntener la aprobaci\u00f3n del Consejo Regional en diciembre y tiene que ser con cargo\nal presupuesto del pr\u00f3ximo a\u00f1o, con recursos del Fondo Nacional de Desarrollo\nRegional (FNDR)\u201d.<\/p>\n\n\n\n<p>A su vez, y consultado en torno al mejoramiento de las\ncanchas y recintos deportivos para poder desarrollar esta actividad, indic\u00f3 que\nla direcci\u00f3n regional del Instituto Nacional del Deporte (IND) proporcionar\u00e1\nlas dependencias del estadio Fiscal, para lo cual se han estado realizando una\nserie de reparaciones para habilitarla y dejarla en las mejores condiciones.<\/p>\n\n\n\n<p>Por otra parte, Justo \u00c1lvarez, presidente nacional de la Anfa\ny tambi\u00e9n vicepresidente de la Federaci\u00f3n de F\u00fatbol de Chile, manifest\u00f3 que \u201cel\nf\u00fatbol no est\u00e1 ajeno a lo que est\u00e1 pasando, pero hoy s\u00ed o s\u00ed el campeonato se\nva a hacer en Punta Arenas, contamos con todo el apoyo del se\u00f1or Intendente y\nsi los Consejeros Regionales no quieren aprobar estos fondos, lo vamos a hacer\nigual (\u2026) Cada regi\u00f3n tiene su presupuesto y quiero agradecerle al Intendente\nque de un compromiso que \u00e9l no firm\u00f3, hoy se est\u00e1 haciendo responsable para\npoder llevar a cabo esto que nos gusta a todos, que es el deporte\u201d.<\/p>\n\n\n\n<p>Cabe recordar que a &nbsp;fines de agosto de 2018 se anunci\u00f3 que\nMagallanes hab\u00eda sido escogida como sede del certamen nacional que congregar\u00e1 a\nlas 16 selecciones campeonas de sus respectivas regiones, las que est\u00e1n\nintegradas cada una por una delegaci\u00f3n de 23 futbolistas que actualmente est\u00e1n\ndisputando las eliminatorias correspondientes. Adem\u00e1s se trasladar\u00e1n hasta el\nterritorio m\u00e1s austral los \u00e1rbitros, las hinchadas, periodistas, veedores,\nentre otros. <\/p>\n","protected":false},"excerpt":{"rendered":"<p>El Intendente de Magallanes y de la Ant\u00e1rtica Chilena, Jos\u00e9 Fern\u00e1ndez D\u00fcbrock, recibi\u00f3 en el sal\u00f3n Nelda Panicucci a la directiva de la Asociaci\u00f3n Nacional de F\u00fatbol Amateur (Anfa), con&#8230; <a class=\"read-more\" href=\"https:\/\/www.radiopresidenteibanez.cl\/web\/intendente-se-reunio-con-directiva-de-la-asociacion-nacional-de-futbol-amateur-para-analizar-proximo-campeonato-en-febrero-de-2020\/\">Leer m\u00e1s<\/a><\/p>\n","protected":false},"author":2,"featured_media":8038,"comment_status":"closed","ping_status":"closed","sticky":false,"template":"","format":"standard","meta":{"footnotes":""},"categories":[1],"tags":[],"class_list":["post-8037","post","type-post","status-publish","format-standard","has-post-thumbnail","hentry","category-cronica"],"_links":{"self":[{"href":"https:\/\/www.radiopresidenteibanez.cl\/web\/wp-json\/wp\/v2\/posts\/8037","targetHints":{"allow":["GET"]}}],"collection":[{"href":"https:\/\/www.radiopresidenteibanez.cl\/web\/wp-json\/wp\/v2\/posts"}],"about":[{"href":"https:\/\/www.radiopresidenteibanez.cl\/web\/wp-json\/wp\/v2\/types\/post"}],"author":[{"embeddable":true,"href":"https:\/\/www.radiopresidenteibanez.cl\/web\/wp-json\/wp\/v2\/users\/2"}],"replies":[{"embeddable":true,"href":"https:\/\/www.radiopresidenteibanez.cl\/web\/wp-json\/wp\/v2\/comments?post=8037"}],"version-history":[{"count":0,"href":"https:\/\/www.radiopresidenteibanez.cl\/web\/wp-json\/wp\/v2\/posts\/8037\/revisions"}],"wp:featuredmedia":[{"embeddable":true,"href":"https:\/\/www.radiopresidenteibanez.cl\/web\/wp-json\/wp\/v2\/media\/8038"}],"wp:attachment":[{"href":"https:\/\/www.radiopresidenteibanez.cl\/web\/wp-json\/wp\/v2\/media?parent=8037"}],"wp:term":[{"taxonomy":"category","embeddable":true,"href":"https:\/\/www.radiopresidenteibanez.cl\/web\/wp-json\/wp\/v2\/categories?post=8037"},{"taxonomy":"post_tag","embeddable":true,"href":"https:\/\/www.radiopresidenteibanez.cl\/web\/wp-json\/wp\/v2\/tags?post=8037"}],"curies":[{"name":"wp","href":"https:\/\/api.w.org\/{rel}","templated":true}]}}