{"id":8034,"date":"2019-11-14T20:28:50","date_gmt":"2019-11-14T20:28:50","guid":{"rendered":"https:\/\/www.radiopresidenteibanez.cl\/web\/?p=8034"},"modified":"2019-11-14T20:28:54","modified_gmt":"2019-11-14T20:28:54","slug":"agricultores-de-indap-ofrecen-verduras-y-hortalizas-recien-cosechadas-en-mall-espacio-urbano-pionero","status":"publish","type":"post","link":"https:\/\/www.radiopresidenteibanez.cl\/web\/agricultores-de-indap-ofrecen-verduras-y-hortalizas-recien-cosechadas-en-mall-espacio-urbano-pionero\/","title":{"rendered":"AGRICULTORES DE INDAP OFRECEN VERDURAS Y HORTALIZAS RECI\u00c9N COSECHADAS EN MALL ESPACIO URBANO PIONERO"},"content":{"rendered":"\n<p>Lechuga regional, cilantro, ciboulette, rabanitos, ruibarbo, plantas ornamentales y huevos de gallinas felices, entre otros productos regionales, son parte&nbsp;de&nbsp;la oferta&nbsp;de&nbsp;verduras&nbsp;frescas&nbsp;y saludables que estar\u00e1n a la&nbsp;venta&nbsp;en el Mercado Campesino que se desarrollar\u00e1 en Mall Espacio Urbano Pionero.<\/p>\n\n\n\n<p>La iniciativa que se realizar\u00e1 este viernes 15&nbsp;de&nbsp;noviembre, entre las 11:00 y 18:00 horas, busca abrir m\u00e1s oportunidades de comercializaci\u00f3n a agricultores, pero tambi\u00e9n&nbsp;&nbsp;se convierte en una gran oportunidad para que los magall\u00e1nicos puedan acceder a la oferta&nbsp;de&nbsp;una dieta sana, con lo mejor&nbsp;de&nbsp;los productos regionales.&nbsp;&nbsp;<\/p>\n\n\n\n<p>\u201cEl mismo d\u00eda se cosechan los productos que van&nbsp;de&nbsp;la tierra, al lavado y&nbsp;de&nbsp;ah\u00ed directamente a la&nbsp;venta.&nbsp;Son productos frescos,&nbsp;del d\u00eda, algo que lamentablemente no siempre los magall\u00e1nicos pueden&nbsp;disfrutar.&nbsp; Invitamos a toda la comunidad a que asista y pueda disfrutar de las verduras que se producen&nbsp;en la zona, a veces con dif\u00edciles condiciones clim\u00e1ticas, pero con mucho esfuerzo y amor\u201d, asegur\u00f3 Rosa C\u00e1rdenas, dirigente&nbsp;del Consejo Asesor Regional Campesino, CAR, quien adem\u00e1s agradeci\u00f3 a Mall Espacio Urbano Pionero por disponibilizar sus espacios para la venta de estos productores.<\/p>\n\n\n\n<p>Por su parte, desde Espacio Urbano Pionero valoraron esta iniciativa que se enmarca en la generaci\u00f3n de alianzas de trabajo con el mundo p\u00fablico, permitiendo abrir m\u00e1s y mejores oportunidades para la comunidad.&nbsp;&nbsp;\u201cEstamos muy felices de poder apoyar a una serie de agricultores con esta nueva plataforma de venta, pero tambi\u00e9n de poner a disposici\u00f3n de nuestros vecinos una variedad de productos frescos y de identidad campesina, complementando la experiencia que viven en el centro comercial. Por eso invitamos a todos los magall\u00e1nicos a disfrutar de esta gran oportunidad\u201d, afirm\u00f3 Antonio Toloza, Center Manager Espacio Urbano Pionero.<\/p>\n\n\n\n<p>En total ser\u00e1n 10 agricultores los que podr\u00e1n comercializar sus productos regionales, quienes podr\u00e1n instalarse a trav\u00e9s de una venta organizada en el tercer piso del centro comercial, pr\u00f3ximo al patio de comida.<\/p>\n\n\n\n<p>Mirko Zec, director&nbsp;&nbsp;regional&nbsp;(s) de&nbsp;INDAP, agradeci\u00f3 el compromiso&nbsp;y el esfuerzo de la administraci\u00f3n del Mall por apoyar la Agricultura Familiar Campesina.&nbsp;&nbsp;\u201cEl aporte llega en justo cuando comienzan las primeras cosechas y en un momento en que se dificultan los espacios de comercializaci\u00f3n para los peque\u00f1os agricultores de la zona. Los productos regionales destacan por su calidad y sanidad. Son inocuos, sanos y frescos y una tremenda oportunidad para que la comunidad disfrute de una alimentaci\u00f3n sana\u201d, precis\u00f3.<\/p>\n\n\n\n<p>Finalmente explic\u00f3 que la Red de \u201cMercados Campesinos\u201d es una iniciativa del Programa de Comercializaci\u00f3n de INDAP, que busca consolidar bajo principios comunes y visibilizar bajo identidad gr\u00e1fica com\u00fan las iniciativas existentes de comercializaci\u00f3n.&nbsp;&nbsp;A su vez, su principal objetivo es ofrecer productos campesinos a los habitantes de ciudades y pueblos, permitiendo a los productores vender en forma directa a los consumidores (circuitos cortos),&nbsp; asegurando calidad, frescura e identidad a un precio conveniente para ambas partes.<\/p>\n","protected":false},"excerpt":{"rendered":"<p>Lechuga regional, cilantro, ciboulette, rabanitos, ruibarbo, plantas ornamentales y huevos de gallinas felices, entre otros productos regionales, son parte&nbsp;de&nbsp;la oferta&nbsp;de&nbsp;verduras&nbsp;frescas&nbsp;y saludables que estar\u00e1n a la&nbsp;venta&nbsp;en el Mercado Campesino que se&#8230; <a class=\"read-more\" href=\"https:\/\/www.radiopresidenteibanez.cl\/web\/agricultores-de-indap-ofrecen-verduras-y-hortalizas-recien-cosechadas-en-mall-espacio-urbano-pionero\/\">Leer m\u00e1s<\/a><\/p>\n","protected":false},"author":2,"featured_media":8035,"comment_status":"closed","ping_status":"closed","sticky":false,"template":"","format":"standard","meta":{"footnotes":""},"categories":[1],"tags":[],"class_list":["post-8034","post","type-post","status-publish","format-standard","has-post-thumbnail","hentry","category-cronica"],"_links":{"self":[{"href":"https:\/\/www.radiopresidenteibanez.cl\/web\/wp-json\/wp\/v2\/posts\/8034","targetHints":{"allow":["GET"]}}],"collection":[{"href":"https:\/\/www.radiopresidenteibanez.cl\/web\/wp-json\/wp\/v2\/posts"}],"about":[{"href":"https:\/\/www.radiopresidenteibanez.cl\/web\/wp-json\/wp\/v2\/types\/post"}],"author":[{"embeddable":true,"href":"https:\/\/www.radiopresidenteibanez.cl\/web\/wp-json\/wp\/v2\/users\/2"}],"replies":[{"embeddable":true,"href":"https:\/\/www.radiopresidenteibanez.cl\/web\/wp-json\/wp\/v2\/comments?post=8034"}],"version-history":[{"count":0,"href":"https:\/\/www.radiopresidenteibanez.cl\/web\/wp-json\/wp\/v2\/posts\/8034\/revisions"}],"wp:featuredmedia":[{"embeddable":true,"href":"https:\/\/www.radiopresidenteibanez.cl\/web\/wp-json\/wp\/v2\/media\/8035"}],"wp:attachment":[{"href":"https:\/\/www.radiopresidenteibanez.cl\/web\/wp-json\/wp\/v2\/media?parent=8034"}],"wp:term":[{"taxonomy":"category","embeddable":true,"href":"https:\/\/www.radiopresidenteibanez.cl\/web\/wp-json\/wp\/v2\/categories?post=8034"},{"taxonomy":"post_tag","embeddable":true,"href":"https:\/\/www.radiopresidenteibanez.cl\/web\/wp-json\/wp\/v2\/tags?post=8034"}],"curies":[{"name":"wp","href":"https:\/\/api.w.org\/{rel}","templated":true}]}}