{"id":8032,"date":"2019-11-14T19:45:36","date_gmt":"2019-11-14T19:45:36","guid":{"rendered":"https:\/\/www.radiopresidenteibanez.cl\/web\/?p=8032"},"modified":"2019-11-14T19:45:40","modified_gmt":"2019-11-14T19:45:40","slug":"mesa-social-el-proceso-constituyente-ya-comenzo-y-es-hora-de-que-el-gobierno-acate-la-voluntad-ciudadana","status":"publish","type":"post","link":"https:\/\/www.radiopresidenteibanez.cl\/web\/mesa-social-el-proceso-constituyente-ya-comenzo-y-es-hora-de-que-el-gobierno-acate-la-voluntad-ciudadana\/","title":{"rendered":"MESA SOCIAL: \u201cEL PROCESO CONSTITUYENTE YA COMENZ\u00d3 Y ES HORA DE QUE EL GOBIERNO ACATE LA VOLUNTAD CIUDADANA\u201d"},"content":{"rendered":"\n<p>El d\u00eda 12 de noviembre la Mesa\nSocial Magallanes Despierta convoc\u00f3 a una marcha por el centro de la ciudad que\ndio cuenta de la unidad y transversalidad que existe tanto en el sector privado\ncomo en el p\u00fablico de que el aparato constitutivo de la naci\u00f3n necesita un\ncambio.<\/p>\n\n\n\n<p>A las 10.30 de la ma\u00f1ana 10 mil\ntrabajadores y trabajadoras llegaron a la intersecci\u00f3n de las calles Bories con\nCol\u00f3n para marchar pac\u00edficamente por la ciudad, las im\u00e1genes retratadas por los\ndistintos medios de comunicaci\u00f3n y los propios manifestantes, dan cuenta del\ntenor y la intenci\u00f3n de dicha movilizaci\u00f3n que no tuvo ning\u00fan tipo de desborde\no descontrol, a pesar de lo masiva que fue.<\/p>\n\n\n\n<p>Consideramos que las palabras\nemanadas por el presidente Pi\u00f1era en cadena nacional cerca de las 23 horas del\nmartes 12 de noviembre, respecto del llamado a un acuerdo con la sociedad por\nla justicia y la paz, solo persiguen un objetivo y es bajar el leg\u00edtimo derecho\nde la ciudadan\u00eda a protestar saliendo a las calles. La movilizaci\u00f3n social es\nla \u00fanica arma que tiene la ciudadan\u00eda para asegurar que el ejecutivo y el\nparlamento, generen las condiciones para validar las propuestas que est\u00e1n\nemanando desde los cabildos populares.<\/p>\n\n\n\n<p>En efecto, gracias a las\nmanifestaciones espont\u00e1neas es que se ha logrado que el gobierno se abra a la\nposibilidad de redactar una nueva constituci\u00f3n. Aun no quieren validar la\nAsamblea Constituyente como el mecanismo \u00f3ptimo para hacerlo, pero gracias a la\npresi\u00f3n ejercida por la ciudadan\u00eda en&nbsp; la\ncalle hoy estamos ad portas de que sea el mismo pueblo el que lo haga.<\/p>\n\n\n\n<p>Respecto de las m\u00faltiples voces\nque se\u00f1alan o nos sindican como promotores de la violencia que se ha visto tras\nlas marchas por llamar a movilizarse, declaramos que las convocatorias hechas\ns\u00f3lo llaman a marchar pac\u00edficamente; en segundo lugar, lejos de responsabilizar\na alguien por los desmanes, expresamos que nos llama poderosamente la atenci\u00f3n\nla \u201cestrategia\u201d de las fuerzas de orden de permitir que por horas se generen\ndestrozos y que se mantengan como meros observadores, sin embargo, no han\ntenido pudor en lanzar bombas lacrim\u00f3genas o usar el carro lanza agua para\ndisolver manifestaciones pac\u00edficas.<\/p>\n\n\n\n<p>Confiamos en que la justicia\nchilena estar\u00e1 a la altura de las circunstancias y que cualquier irregularidad\nen la aplicaci\u00f3n de los procedimientos policiales ser\u00e1 debidamente investigada\ny sancionada.&nbsp; <\/p>\n","protected":false},"excerpt":{"rendered":"<p>El d\u00eda 12 de noviembre la Mesa Social Magallanes Despierta convoc\u00f3 a una marcha por el centro de la ciudad que dio cuenta de la unidad y transversalidad que existe&#8230; <a class=\"read-more\" href=\"https:\/\/www.radiopresidenteibanez.cl\/web\/mesa-social-el-proceso-constituyente-ya-comenzo-y-es-hora-de-que-el-gobierno-acate-la-voluntad-ciudadana\/\">Leer m\u00e1s<\/a><\/p>\n","protected":false},"author":2,"featured_media":740,"comment_status":"closed","ping_status":"closed","sticky":false,"template":"","format":"standard","meta":{"footnotes":""},"categories":[1],"tags":[],"class_list":["post-8032","post","type-post","status-publish","format-standard","has-post-thumbnail","hentry","category-cronica"],"_links":{"self":[{"href":"https:\/\/www.radiopresidenteibanez.cl\/web\/wp-json\/wp\/v2\/posts\/8032","targetHints":{"allow":["GET"]}}],"collection":[{"href":"https:\/\/www.radiopresidenteibanez.cl\/web\/wp-json\/wp\/v2\/posts"}],"about":[{"href":"https:\/\/www.radiopresidenteibanez.cl\/web\/wp-json\/wp\/v2\/types\/post"}],"author":[{"embeddable":true,"href":"https:\/\/www.radiopresidenteibanez.cl\/web\/wp-json\/wp\/v2\/users\/2"}],"replies":[{"embeddable":true,"href":"https:\/\/www.radiopresidenteibanez.cl\/web\/wp-json\/wp\/v2\/comments?post=8032"}],"version-history":[{"count":0,"href":"https:\/\/www.radiopresidenteibanez.cl\/web\/wp-json\/wp\/v2\/posts\/8032\/revisions"}],"wp:featuredmedia":[{"embeddable":true,"href":"https:\/\/www.radiopresidenteibanez.cl\/web\/wp-json\/wp\/v2\/media\/740"}],"wp:attachment":[{"href":"https:\/\/www.radiopresidenteibanez.cl\/web\/wp-json\/wp\/v2\/media?parent=8032"}],"wp:term":[{"taxonomy":"category","embeddable":true,"href":"https:\/\/www.radiopresidenteibanez.cl\/web\/wp-json\/wp\/v2\/categories?post=8032"},{"taxonomy":"post_tag","embeddable":true,"href":"https:\/\/www.radiopresidenteibanez.cl\/web\/wp-json\/wp\/v2\/tags?post=8032"}],"curies":[{"name":"wp","href":"https:\/\/api.w.org\/{rel}","templated":true}]}}