{"id":8029,"date":"2019-11-14T19:41:17","date_gmt":"2019-11-14T19:41:17","guid":{"rendered":"https:\/\/www.radiopresidenteibanez.cl\/web\/?p=8029"},"modified":"2019-11-14T19:41:23","modified_gmt":"2019-11-14T19:41:23","slug":"fernando-paredes-vicepresidente-nacional-de-la-asociacion-chilena-de-municipalidades-invita-a-la-region-de-magallanes-a-participar-de-la-proxima-consulta-ciudadana","status":"publish","type":"post","link":"https:\/\/www.radiopresidenteibanez.cl\/web\/fernando-paredes-vicepresidente-nacional-de-la-asociacion-chilena-de-municipalidades-invita-a-la-region-de-magallanes-a-participar-de-la-proxima-consulta-ciudadana\/","title":{"rendered":"FERNANDO PAREDES: VICEPRESIDENTE NACIONAL DE LA ASOCIACI\u00d3N CHILENA DE MUNICIPALIDADES INVITA A LA REGI\u00d3N DE MAGALLANES A PARTICIPAR DE LA PR\u00d3XIMA CONSULTA CIUDADANA"},"content":{"rendered":"\n<p>Una apretada agenda tuvo el\nalcalde de la comuna de Natales en su paso por Santiago. &nbsp;El d\u00eda de ayer, el edil particip\u00f3 en su\ncalidad de Secretario General y Vicepresidente de la Asociaci\u00f3n Chilena de\nMunicipalidades en una reuni\u00f3n junto a todos los alcaldes miembros del\ndirectorio de la AChM, el cual buscaba avanzar en el desarrollo de la ejecuci\u00f3n\nde una consulta ciudadana organizada por los municipios a nivel nacional.<\/p>\n\n\n\n<p>Despu\u00e9s de horas de planificaci\u00f3n\ny consultas al Servel, las autoridades comunales decidieron que la consulta\nciudadana se realizar\u00e1 el d\u00eda 7 de diciembre de forma presencial y simult\u00e1nea a\ntrav\u00e9s de todos los municipios del pa\u00eds.<\/p>\n\n\n\n<p>Para el edil de Natales, esta consulta\nciudadana es una forma de encausar el sentir de cada uno de los vecinos, es por\nesto que destac\u00f3 que \u201cm\u00e1s all\u00e1 del acuerdo que se tome tenemos que seguir en la\nplanificaci\u00f3n de esta consulta ciudadana, y continuar avanzando por el\nbienestar de nuestros representados\u201d.<\/p>\n\n\n\n<p>Asimismo, como presidente de la\nAsociaci\u00f3n Regional de Municipalidades de Magallanes, subray\u00f3 que todas las\ncomunas de la regi\u00f3n pondr\u00e1n a disposici\u00f3n sus esfuerzos para desarrollar en\ncada una de las comunas de Magallanes la consulta ciudadana. <\/p>\n\n\n\n<p>Adem\u00e1s, Fernando Paredes Mansilla\ndestac\u00f3 que como directorio de la AChM est\u00e1n apoy\u00e1ndose y planificando esta\nconsulta con organismos competentes, solicitando la ayuda de universidades para\nejecutar de la mejor manera posible esta consulta ciudanana. \u201cDe aqu\u00ed en\nadelante lo que vamos a pedir insistentemente es la colaboraci\u00f3n de la\ncomunidad. La participaci\u00f3n va a ser clave en esta consulta ciudadana y bueno,\nla mirada y la disposici\u00f3n de los municipios tambi\u00e9n en esto, yo siento que\naqu\u00ed tanto los alcaldes como tambi\u00e9n los concejales nos colocamos a disposici\u00f3n\ncomo municipalismo para poder enfrentar y ser parte de la soluci\u00f3n de una\ndemanda ciudadana que est\u00e1 vigente\u201d.<\/p>\n\n\n\n<p>Al finalizar la reuni\u00f3n, el\ndirectorio lleg\u00f3 al acuerdo de que se realice un voto con tres preguntas\nclaves, si se requiere la redacci\u00f3n de una nueva constituci\u00f3n, cu\u00e1l ser\u00e1 su\nforma; y una lista de 14 tem\u00e1ticas en donde el votante tendr\u00e1 que determinar\ncu\u00e1les son de mayor urgencia a solucionar a nivel pa\u00eds, adem\u00e1s de incluir tem\u00e1ticas\nlocales. Para esta consulta se utilizar\u00e1 el padr\u00f3n del a\u00f1o 2017 entregado por\nel Servel, teniendo que votar las personas en las comunas donde est\u00e9n inscritos.\n<\/p>\n\n\n\n<p>Todas estas tres preguntas claves\nser\u00e1n redactadas por docentes universitarios y el Centro Democracia y\nComunidad, con el fin de que las personas entiendan el significado de lo que se\nest\u00e1 preguntando y comprendan la diferencia entre asamblea, congreso o\nconvenci\u00f3n constituyente.<\/p>\n","protected":false},"excerpt":{"rendered":"<p>Una apretada agenda tuvo el alcalde de la comuna de Natales en su paso por Santiago. &nbsp;El d\u00eda de ayer, el edil particip\u00f3 en su calidad de Secretario General y&#8230; <a class=\"read-more\" href=\"https:\/\/www.radiopresidenteibanez.cl\/web\/fernando-paredes-vicepresidente-nacional-de-la-asociacion-chilena-de-municipalidades-invita-a-la-region-de-magallanes-a-participar-de-la-proxima-consulta-ciudadana\/\">Leer m\u00e1s<\/a><\/p>\n","protected":false},"author":2,"featured_media":8030,"comment_status":"closed","ping_status":"closed","sticky":false,"template":"","format":"standard","meta":{"footnotes":""},"categories":[1],"tags":[],"class_list":["post-8029","post","type-post","status-publish","format-standard","has-post-thumbnail","hentry","category-cronica"],"_links":{"self":[{"href":"https:\/\/www.radiopresidenteibanez.cl\/web\/wp-json\/wp\/v2\/posts\/8029","targetHints":{"allow":["GET"]}}],"collection":[{"href":"https:\/\/www.radiopresidenteibanez.cl\/web\/wp-json\/wp\/v2\/posts"}],"about":[{"href":"https:\/\/www.radiopresidenteibanez.cl\/web\/wp-json\/wp\/v2\/types\/post"}],"author":[{"embeddable":true,"href":"https:\/\/www.radiopresidenteibanez.cl\/web\/wp-json\/wp\/v2\/users\/2"}],"replies":[{"embeddable":true,"href":"https:\/\/www.radiopresidenteibanez.cl\/web\/wp-json\/wp\/v2\/comments?post=8029"}],"version-history":[{"count":0,"href":"https:\/\/www.radiopresidenteibanez.cl\/web\/wp-json\/wp\/v2\/posts\/8029\/revisions"}],"wp:featuredmedia":[{"embeddable":true,"href":"https:\/\/www.radiopresidenteibanez.cl\/web\/wp-json\/wp\/v2\/media\/8030"}],"wp:attachment":[{"href":"https:\/\/www.radiopresidenteibanez.cl\/web\/wp-json\/wp\/v2\/media?parent=8029"}],"wp:term":[{"taxonomy":"category","embeddable":true,"href":"https:\/\/www.radiopresidenteibanez.cl\/web\/wp-json\/wp\/v2\/categories?post=8029"},{"taxonomy":"post_tag","embeddable":true,"href":"https:\/\/www.radiopresidenteibanez.cl\/web\/wp-json\/wp\/v2\/tags?post=8029"}],"curies":[{"name":"wp","href":"https:\/\/api.w.org\/{rel}","templated":true}]}}