{"id":8024,"date":"2019-11-13T14:52:48","date_gmt":"2019-11-13T14:52:48","guid":{"rendered":"https:\/\/www.radiopresidenteibanez.cl\/web\/?p=8024"},"modified":"2019-11-13T14:52:51","modified_gmt":"2019-11-13T14:52:51","slug":"fiscalia-regional-tambien-sufrio-roturas-de-vidrios-durante-las-manifestaciones","status":"publish","type":"post","link":"https:\/\/www.radiopresidenteibanez.cl\/web\/fiscalia-regional-tambien-sufrio-roturas-de-vidrios-durante-las-manifestaciones\/","title":{"rendered":"FISCAL\u00cdA REGIONAL TAMBI\u00c9N SUFRI\u00d3 ROTURAS DE VIDRIOS DURANTE LAS MANIFESTACIONES"},"content":{"rendered":"\n<p>En horas de esta ma\u00f1ana, se pudieron presenciar distintos da\u00f1os en diferentes sectores del centro de Punta Arenas, uno de los edificios que tambi\u00e9n tuvo roturas de vidrios fueron las dependencias de la Fiscal\u00eda regional de Magallanes, ubicado en Avenida Col\u00f3n al llegar a calle Lautaro Navarro.<\/p>\n\n\n\n<p>CHH<\/p>\n","protected":false},"excerpt":{"rendered":"<p>En horas de esta ma\u00f1ana, se pudieron presenciar distintos da\u00f1os en diferentes sectores del centro de Punta Arenas, uno de los edificios que tambi\u00e9n tuvo roturas de vidrios fueron las&#8230; <a class=\"read-more\" href=\"https:\/\/www.radiopresidenteibanez.cl\/web\/fiscalia-regional-tambien-sufrio-roturas-de-vidrios-durante-las-manifestaciones\/\">Leer m\u00e1s<\/a><\/p>\n","protected":false},"author":2,"featured_media":8025,"comment_status":"closed","ping_status":"closed","sticky":false,"template":"","format":"standard","meta":{"footnotes":""},"categories":[1],"tags":[],"class_list":["post-8024","post","type-post","status-publish","format-standard","has-post-thumbnail","hentry","category-cronica"],"_links":{"self":[{"href":"https:\/\/www.radiopresidenteibanez.cl\/web\/wp-json\/wp\/v2\/posts\/8024","targetHints":{"allow":["GET"]}}],"collection":[{"href":"https:\/\/www.radiopresidenteibanez.cl\/web\/wp-json\/wp\/v2\/posts"}],"about":[{"href":"https:\/\/www.radiopresidenteibanez.cl\/web\/wp-json\/wp\/v2\/types\/post"}],"author":[{"embeddable":true,"href":"https:\/\/www.radiopresidenteibanez.cl\/web\/wp-json\/wp\/v2\/users\/2"}],"replies":[{"embeddable":true,"href":"https:\/\/www.radiopresidenteibanez.cl\/web\/wp-json\/wp\/v2\/comments?post=8024"}],"version-history":[{"count":0,"href":"https:\/\/www.radiopresidenteibanez.cl\/web\/wp-json\/wp\/v2\/posts\/8024\/revisions"}],"wp:featuredmedia":[{"embeddable":true,"href":"https:\/\/www.radiopresidenteibanez.cl\/web\/wp-json\/wp\/v2\/media\/8025"}],"wp:attachment":[{"href":"https:\/\/www.radiopresidenteibanez.cl\/web\/wp-json\/wp\/v2\/media?parent=8024"}],"wp:term":[{"taxonomy":"category","embeddable":true,"href":"https:\/\/www.radiopresidenteibanez.cl\/web\/wp-json\/wp\/v2\/categories?post=8024"},{"taxonomy":"post_tag","embeddable":true,"href":"https:\/\/www.radiopresidenteibanez.cl\/web\/wp-json\/wp\/v2\/tags?post=8024"}],"curies":[{"name":"wp","href":"https:\/\/api.w.org\/{rel}","templated":true}]}}