{"id":8021,"date":"2019-11-13T14:47:04","date_gmt":"2019-11-13T14:47:04","guid":{"rendered":"https:\/\/www.radiopresidenteibanez.cl\/web\/?p=8021"},"modified":"2019-11-13T14:53:35","modified_gmt":"2019-11-13T14:53:35","slug":"afp-habitat-fue-consumido-en-su-totalidad-fiscalia-se-encuentra-realizando-la-investigacion","status":"publish","type":"post","link":"https:\/\/www.radiopresidenteibanez.cl\/web\/afp-habitat-fue-consumido-en-su-totalidad-fiscalia-se-encuentra-realizando-la-investigacion\/","title":{"rendered":"AFP HABITAT FUE CONSUMIDO EN SU TOTALIDAD, FISCALIA SE ENCUENTRA REALIZANDO LA INVESTIGACI\u00d3N"},"content":{"rendered":"\n<p>Con posibilidad de derrumbes se encontraba en horas de esta\nma\u00f1ana la otrora oficina de AFP Habitat que se encuentra ubicado en las\nintersecciones de Avenida Col\u00f3n con calle Magallanes, que durante la noche del\nmartes 12 de noviembre fue consumido por las llamas en su totalidad.<\/p>\n\n\n\n<p>Durante la ma\u00f1ana de este mi\u00e9rcoles, en el lugar se encontraba analizando la situaci\u00f3n el fiscal Felipe Aguirre, quien explic\u00f3 que se est\u00e1n realizando las pericias correspondientes, y que ser\u00e1n revisadas las c\u00e1maras de seguridad existentes en el lugar, as\u00ed tambi\u00e9n videos que fueron difundidos a trav\u00e9s de distintas redes sociales.<\/p>\n\n\n\n<p>CHH<\/p>\n","protected":false},"excerpt":{"rendered":"<p>Con posibilidad de derrumbes se encontraba en horas de esta ma\u00f1ana la otrora oficina de AFP Habitat que se encuentra ubicado en las intersecciones de Avenida Col\u00f3n con calle Magallanes,&#8230; <a class=\"read-more\" href=\"https:\/\/www.radiopresidenteibanez.cl\/web\/afp-habitat-fue-consumido-en-su-totalidad-fiscalia-se-encuentra-realizando-la-investigacion\/\">Leer m\u00e1s<\/a><\/p>\n","protected":false},"author":2,"featured_media":8022,"comment_status":"closed","ping_status":"closed","sticky":false,"template":"","format":"standard","meta":{"footnotes":""},"categories":[1],"tags":[],"class_list":["post-8021","post","type-post","status-publish","format-standard","has-post-thumbnail","hentry","category-cronica"],"_links":{"self":[{"href":"https:\/\/www.radiopresidenteibanez.cl\/web\/wp-json\/wp\/v2\/posts\/8021","targetHints":{"allow":["GET"]}}],"collection":[{"href":"https:\/\/www.radiopresidenteibanez.cl\/web\/wp-json\/wp\/v2\/posts"}],"about":[{"href":"https:\/\/www.radiopresidenteibanez.cl\/web\/wp-json\/wp\/v2\/types\/post"}],"author":[{"embeddable":true,"href":"https:\/\/www.radiopresidenteibanez.cl\/web\/wp-json\/wp\/v2\/users\/2"}],"replies":[{"embeddable":true,"href":"https:\/\/www.radiopresidenteibanez.cl\/web\/wp-json\/wp\/v2\/comments?post=8021"}],"version-history":[{"count":0,"href":"https:\/\/www.radiopresidenteibanez.cl\/web\/wp-json\/wp\/v2\/posts\/8021\/revisions"}],"wp:featuredmedia":[{"embeddable":true,"href":"https:\/\/www.radiopresidenteibanez.cl\/web\/wp-json\/wp\/v2\/media\/8022"}],"wp:attachment":[{"href":"https:\/\/www.radiopresidenteibanez.cl\/web\/wp-json\/wp\/v2\/media?parent=8021"}],"wp:term":[{"taxonomy":"category","embeddable":true,"href":"https:\/\/www.radiopresidenteibanez.cl\/web\/wp-json\/wp\/v2\/categories?post=8021"},{"taxonomy":"post_tag","embeddable":true,"href":"https:\/\/www.radiopresidenteibanez.cl\/web\/wp-json\/wp\/v2\/tags?post=8021"}],"curies":[{"name":"wp","href":"https:\/\/api.w.org\/{rel}","templated":true}]}}