{"id":8019,"date":"2019-11-13T14:26:55","date_gmt":"2019-11-13T14:26:55","guid":{"rendered":"https:\/\/www.radiopresidenteibanez.cl\/web\/?p=8019"},"modified":"2019-11-13T14:27:00","modified_gmt":"2019-11-13T14:27:00","slug":"municipalidad-invita-a-segunda-parte-de-la-confeccion-de-propuestas-ciudadanas","status":"publish","type":"post","link":"https:\/\/www.radiopresidenteibanez.cl\/web\/municipalidad-invita-a-segunda-parte-de-la-confeccion-de-propuestas-ciudadanas\/","title":{"rendered":"MUNICIPALIDAD INVITA A SEGUNDA PARTE DE LA CONFECCI\u00d3N DE PROPUESTAS CIUDADANAS"},"content":{"rendered":"\n<p>Tras la realizaci\u00f3n de un\nconversatorio y la posterior elecci\u00f3n de temas para trabajar por parte de los\nvecinos, la Ilustre Municipalidad de Natales realizar\u00e1 la segunda etapa de\nconstrucci\u00f3n de propuestas ciudadanas. Esto se continuar\u00e1 realizando mediante\nlas mesas integradas por los ciudadanos, los cuales trabajar\u00e1n nuevamente el\nd\u00eda jueves en el liceo B-11 \u201cGabriela Mistral\u201d a partir de las 19 horas.<\/p>\n\n\n\n<p>Esta es la continuaci\u00f3n del\ntrabajo que comenzaron a desarrollar los vecinos el d\u00eda s\u00e1bado 9 de noviembre mediante\ntemas focalizados, en donde a trav\u00e9s de las mesas de salud, adulto mayor, social,\nmedio ambiente, educaci\u00f3n y econom\u00eda y trabajo, lograron conversar y generar\npropuestas para seguir avanzando en soluciones ante las inquietudes de los\nnatalinos.<\/p>\n\n\n\n<p>La m\u00e1xima autoridad comunal,\nFernando Paredes Masilla, particip\u00f3 en las mesas tem\u00e1ticas e invit\u00f3 todos los\nvecinos que lo deseen a que se sumen a esta importante oportunidad social. \u201cLa\nidea es que todo Natales participe de la construcci\u00f3n de propuestas ciudadanas,\nes por esto que es muy importante que cada uno de los vecinos vaya al liceo\nGabriela Mistral\u201d.<\/p>\n\n\n\n<p>Adem\u00e1s, el alcalde hizo un\nllamado a todas las personas que han asistido a las anteriores instancias de\ndi\u00e1logo para que sigan asistiendo a estas mesas, ya que esta es una de las\netapas cruciales en el desarrollo del di\u00e1logo ciudadano.<\/p>\n\n\n\n<p>Posterior a la jornada del\njueves, se desarrollar\u00e1 la \u00faltima etapa de construcci\u00f3n de propuestas\nciudadanas, en donde los participantes entregar\u00e1n condensadas sus propuestas al\nmunicipio, las cuales ser\u00e1n encausadas a los parlamentarios, gobierno regional\ny las competentes a la gesti\u00f3n local, ser\u00e1n analizadas por la municipalidad. <\/p>\n","protected":false},"excerpt":{"rendered":"<p>Tras la realizaci\u00f3n de un conversatorio y la posterior elecci\u00f3n de temas para trabajar por parte de los vecinos, la Ilustre Municipalidad de Natales realizar\u00e1 la segunda etapa de construcci\u00f3n&#8230; <a class=\"read-more\" href=\"https:\/\/www.radiopresidenteibanez.cl\/web\/municipalidad-invita-a-segunda-parte-de-la-confeccion-de-propuestas-ciudadanas\/\">Leer m\u00e1s<\/a><\/p>\n","protected":false},"author":2,"featured_media":101,"comment_status":"closed","ping_status":"closed","sticky":false,"template":"","format":"standard","meta":{"footnotes":""},"categories":[1],"tags":[],"class_list":["post-8019","post","type-post","status-publish","format-standard","has-post-thumbnail","hentry","category-cronica"],"_links":{"self":[{"href":"https:\/\/www.radiopresidenteibanez.cl\/web\/wp-json\/wp\/v2\/posts\/8019","targetHints":{"allow":["GET"]}}],"collection":[{"href":"https:\/\/www.radiopresidenteibanez.cl\/web\/wp-json\/wp\/v2\/posts"}],"about":[{"href":"https:\/\/www.radiopresidenteibanez.cl\/web\/wp-json\/wp\/v2\/types\/post"}],"author":[{"embeddable":true,"href":"https:\/\/www.radiopresidenteibanez.cl\/web\/wp-json\/wp\/v2\/users\/2"}],"replies":[{"embeddable":true,"href":"https:\/\/www.radiopresidenteibanez.cl\/web\/wp-json\/wp\/v2\/comments?post=8019"}],"version-history":[{"count":0,"href":"https:\/\/www.radiopresidenteibanez.cl\/web\/wp-json\/wp\/v2\/posts\/8019\/revisions"}],"wp:featuredmedia":[{"embeddable":true,"href":"https:\/\/www.radiopresidenteibanez.cl\/web\/wp-json\/wp\/v2\/media\/101"}],"wp:attachment":[{"href":"https:\/\/www.radiopresidenteibanez.cl\/web\/wp-json\/wp\/v2\/media?parent=8019"}],"wp:term":[{"taxonomy":"category","embeddable":true,"href":"https:\/\/www.radiopresidenteibanez.cl\/web\/wp-json\/wp\/v2\/categories?post=8019"},{"taxonomy":"post_tag","embeddable":true,"href":"https:\/\/www.radiopresidenteibanez.cl\/web\/wp-json\/wp\/v2\/tags?post=8019"}],"curies":[{"name":"wp","href":"https:\/\/api.w.org\/{rel}","templated":true}]}}