{"id":8012,"date":"2019-11-12T21:46:19","date_gmt":"2019-11-12T21:46:19","guid":{"rendered":"https:\/\/www.radiopresidenteibanez.cl\/web\/?p=8012"},"modified":"2019-11-12T21:46:24","modified_gmt":"2019-11-12T21:46:24","slug":"municipio-entrego-2-kilometros-de-nuevas-veredas-en-el-lado-norte-de-punta-arenas","status":"publish","type":"post","link":"https:\/\/www.radiopresidenteibanez.cl\/web\/municipio-entrego-2-kilometros-de-nuevas-veredas-en-el-lado-norte-de-punta-arenas\/","title":{"rendered":"MUNICIPIO ENTREG\u00d3 2 KIL\u00d3METROS DE NUEVAS VEREDAS EN EL LADO NORTE DE PUNTA ARENAS"},"content":{"rendered":"\n<p>A trav\u00e9s de un Proyecto Municipal financiado por Fondos Regionales de Iniciativas Locales del Gobierno, esta ma\u00f1ana se concret\u00f3 la entrega de las nuevas veredas y aceras en el sector norte de nuestra ciudad, lo cual abarca en total 2 kil\u00f3metros lineales de obras.<\/p>\n\n\n\n<p>El alcalde Claudio Radonich expres\u00f3 su satisfacci\u00f3n por el avance que implica para la comuna estas obras que completar\u00e1n un total de 37 kil\u00f3metros lineales de veredas durante el 2019, afirmando que para el 2020 se habr\u00e1n renovado cerca de 100 kil\u00f3metros, abarcando todos los sectores de la ciudad que hoy tiene veredas en mal estado.<\/p>\n\n\n\n<p>Punta Arenas Crece, y entre las Obras asociadas est\u00e1 la reposici\u00f3n de veredas en la comuna. Dentro de los sectores que hoy est\u00e1n siendo beneficiados con este plan de renovaci\u00f3n urbana se encuentran: Cecil Rasmussen, Fitz Roy, Villa Las Nieves, Independencia, Barrio Croata, Prat y San Miguel, entre muchos otros.<\/p>\n\n\n\n<p>El director de Obras, Alex Saldivia, reiter\u00f3 que las v\u00edas tendr\u00e1n un est\u00e1ndar de 1 metro 50 cent\u00edmetros de ancho, radieres de 7 cent\u00edmetros de alto y entradas vehiculares de 12 cent\u00edmetros de espesor.<\/p>\n\n\n\n<p>Finalmente, Radonich dijo que \u201cesto se suma a los m\u00e1s de 30 kil\u00f3metros que estamos reponiendo. Nos hemos puesto como meta en estos 4 a\u00f1os completar m\u00e1s de 100 kil\u00f3metros lineales de nuevas veredas para nuestra ciudad, y estaremos cerca de poder cumplirlo durante el 2020\u201d.<\/p>\n\n\n\n<p>Hoy est\u00e1n en ejecuci\u00f3n cerca de 3 mil millones de pesos en proyectos de reposici\u00f3n de aceras y veredas en distintos puntos de Punta Arenas.<\/p>\n","protected":false},"excerpt":{"rendered":"<p>A trav\u00e9s de un Proyecto Municipal financiado por Fondos Regionales de Iniciativas Locales del Gobierno, esta ma\u00f1ana se concret\u00f3 la entrega de las nuevas veredas y aceras en el sector&#8230; <a class=\"read-more\" href=\"https:\/\/www.radiopresidenteibanez.cl\/web\/municipio-entrego-2-kilometros-de-nuevas-veredas-en-el-lado-norte-de-punta-arenas\/\">Leer m\u00e1s<\/a><\/p>\n","protected":false},"author":2,"featured_media":8013,"comment_status":"closed","ping_status":"closed","sticky":false,"template":"","format":"standard","meta":{"footnotes":""},"categories":[1],"tags":[],"class_list":["post-8012","post","type-post","status-publish","format-standard","has-post-thumbnail","hentry","category-cronica"],"_links":{"self":[{"href":"https:\/\/www.radiopresidenteibanez.cl\/web\/wp-json\/wp\/v2\/posts\/8012","targetHints":{"allow":["GET"]}}],"collection":[{"href":"https:\/\/www.radiopresidenteibanez.cl\/web\/wp-json\/wp\/v2\/posts"}],"about":[{"href":"https:\/\/www.radiopresidenteibanez.cl\/web\/wp-json\/wp\/v2\/types\/post"}],"author":[{"embeddable":true,"href":"https:\/\/www.radiopresidenteibanez.cl\/web\/wp-json\/wp\/v2\/users\/2"}],"replies":[{"embeddable":true,"href":"https:\/\/www.radiopresidenteibanez.cl\/web\/wp-json\/wp\/v2\/comments?post=8012"}],"version-history":[{"count":0,"href":"https:\/\/www.radiopresidenteibanez.cl\/web\/wp-json\/wp\/v2\/posts\/8012\/revisions"}],"wp:featuredmedia":[{"embeddable":true,"href":"https:\/\/www.radiopresidenteibanez.cl\/web\/wp-json\/wp\/v2\/media\/8013"}],"wp:attachment":[{"href":"https:\/\/www.radiopresidenteibanez.cl\/web\/wp-json\/wp\/v2\/media?parent=8012"}],"wp:term":[{"taxonomy":"category","embeddable":true,"href":"https:\/\/www.radiopresidenteibanez.cl\/web\/wp-json\/wp\/v2\/categories?post=8012"},{"taxonomy":"post_tag","embeddable":true,"href":"https:\/\/www.radiopresidenteibanez.cl\/web\/wp-json\/wp\/v2\/tags?post=8012"}],"curies":[{"name":"wp","href":"https:\/\/api.w.org\/{rel}","templated":true}]}}