{"id":8009,"date":"2019-11-12T21:40:05","date_gmt":"2019-11-12T21:40:05","guid":{"rendered":"https:\/\/www.radiopresidenteibanez.cl\/web\/?p=8009"},"modified":"2019-11-12T21:40:09","modified_gmt":"2019-11-12T21:40:09","slug":"congreso-o-asamblea-por-juan-luis-oyarzo-galvez","status":"publish","type":"post","link":"https:\/\/www.radiopresidenteibanez.cl\/web\/congreso-o-asamblea-por-juan-luis-oyarzo-galvez\/","title":{"rendered":"\u00bfCONGRESO O ASAMBLEA? POR JUAN LUIS OYARZO G\u00c1LVEZ"},"content":{"rendered":"\n<p>En los d\u00edas actuales\ny parafraseando a Confucio<em> \u201cel\nconocimiento sin reflexi\u00f3n es in\u00fatil y la reflexi\u00f3n sin conocimiento es\npeligrosa\u201d. <\/em>Estas palabras representan el accionar de un gobierno que no ha\nmostrado impedimento alguno en cambiar todo su programa p\u00fablico quebrando su doctrina\nsocial, pol\u00edtica y econ\u00f3mica. Es decir, la acci\u00f3n y las propuestas presentadas\npor Sebasti\u00e1n Pi\u00f1era rompen la esencia del pensamiento que durante d\u00e9cadas a\ntenido el sector conservador de nuestro pa\u00eds; estas nuevas propuestas no surgen\nde una reflexi\u00f3n convencida sino m\u00e1s bien de la actual coyuntura social. Es por\nello que la reflexi\u00f3n sin conocimiento contin\u00faa siendo un peligro.<\/p>\n\n\n\n<p>Muestra de\naquello es el llamado por parte del ejecutivo a la realizaci\u00f3n de un congreso\nconstituyente, es decir, a un cambio constitucional liderado por el parlamento\ny no por una asamblea ciudadana. Este hecho es el reflejo del poco\nconvencimiento que posee el presidente a las propuestas obligadas que ha tenido\nque impulsar en su propia agenda producto de la presi\u00f3n social que surge el 18\nde octubre. El presidente no se ha arrepentido de su programa inicial, ni\ntampoco se le ha ca\u00eddo el velo del conservadurismo, sino que m\u00e1s bien trata de\nrescatar con las mismas maniobras pol\u00edticas del pasado a su alica\u00eddo gobierno.\nEn palabras sencillas para muchos actores de la clase pol\u00edtica no les acomoda\nsalir de la zona de confort.<\/p>\n\n\n\n<p>El 17 de\nseptiembre del 2005 el presidente Ricardo Lagos da el primer paso, un paso en\nun escenario muy diferente y por ende de gran importancia en el cual la f\u00f3rmula\nfue una reforma a la carta constitucional. En aquel entonces se entend\u00eda\nplenamente ya que, si bien exist\u00edan algunas bajas en la confianza pol\u00edtica, la\nciudadan\u00eda a\u00fan conservaba ese respeto y credibilidad en las instituciones\nlegisladores del Estado. Es por ello que no debe causar extra\u00f1eza que dicho\ncambio de la carta magna sea realizado en el congreso. En dicha reforma surgen\naspectos notables, como la eliminaci\u00f3n de los senadores vitalicios y\ndesignados, aspecto que en la actualidad es impensado. Tener senadores vitalicios,\nes tener senadores que pueden realizar dichas labores hasta el \u00faltimo momento\nde sus vidas lo que no cuadra con la definici\u00f3n de una naci\u00f3n democr\u00e1tica. <\/p>\n\n\n\n<p>La actualidad es\ndistinta a ese 2005, ya que cuando apreciamos que la confianza en las\ninstituciones del Estado de acuerdo a la encuesta Term\u00f3metro Social 2019 de la\nUniversidad de Chile llega en promedio a 2,5 puntos-en una escala de 10 puntos-\nla idea de un congreso constituyente se aleja fuertemente de las demandas\nciudadanas, ya que el nivel de representaci\u00f3n civil es reducido independiente\nde su elecci\u00f3n democr\u00e1tica. En un escenario como \u00e9ste, las palabras de Confucio\nsiguen tan vigentes como cuando fueran formuladas.<\/p>\n\n\n\n<p>Es urgente que el\ngobierno salga de su zona de confort y eso viene no s\u00f3lo de la opini\u00f3n p\u00fablica,\nsino que tambi\u00e9n de expertos y organizaciones de la sociedad civil que indican\nque en un escenario como el muestro la idea de una Asamblea Constituyente es el\nmecanismo m\u00e1s democr\u00e1tico para garantizar la participaci\u00f3n ciudadana. Un pacto\nsocial debe venir de la sociedad civil para que el conocimiento provenga de una\nreflexi\u00f3n conjunta, de un trabajo comunitario que permita el acceso y la\nrepresentaci\u00f3n de todos los sectores. No es casualidad que sean estas\norganizaciones las que son m\u00e1s valoradas en cuanto a su confianza por parte de\nla ciudadan\u00eda. Con aquello podremos construir un pa\u00eds con mayor justicia y\nequidad social.<\/p>\n\n\n\n<p>Por Juan Luis\nOyarzo G\u00e1lvez.<\/p>\n","protected":false},"excerpt":{"rendered":"<p>En los d\u00edas actuales y parafraseando a Confucio \u201cel conocimiento sin reflexi\u00f3n es in\u00fatil y la reflexi\u00f3n sin conocimiento es peligrosa\u201d. Estas palabras representan el accionar de un gobierno que&#8230; <a class=\"read-more\" href=\"https:\/\/www.radiopresidenteibanez.cl\/web\/congreso-o-asamblea-por-juan-luis-oyarzo-galvez\/\">Leer m\u00e1s<\/a><\/p>\n","protected":false},"author":2,"featured_media":8010,"comment_status":"closed","ping_status":"closed","sticky":false,"template":"","format":"standard","meta":{"footnotes":""},"categories":[1],"tags":[],"class_list":["post-8009","post","type-post","status-publish","format-standard","has-post-thumbnail","hentry","category-cronica"],"_links":{"self":[{"href":"https:\/\/www.radiopresidenteibanez.cl\/web\/wp-json\/wp\/v2\/posts\/8009","targetHints":{"allow":["GET"]}}],"collection":[{"href":"https:\/\/www.radiopresidenteibanez.cl\/web\/wp-json\/wp\/v2\/posts"}],"about":[{"href":"https:\/\/www.radiopresidenteibanez.cl\/web\/wp-json\/wp\/v2\/types\/post"}],"author":[{"embeddable":true,"href":"https:\/\/www.radiopresidenteibanez.cl\/web\/wp-json\/wp\/v2\/users\/2"}],"replies":[{"embeddable":true,"href":"https:\/\/www.radiopresidenteibanez.cl\/web\/wp-json\/wp\/v2\/comments?post=8009"}],"version-history":[{"count":0,"href":"https:\/\/www.radiopresidenteibanez.cl\/web\/wp-json\/wp\/v2\/posts\/8009\/revisions"}],"wp:featuredmedia":[{"embeddable":true,"href":"https:\/\/www.radiopresidenteibanez.cl\/web\/wp-json\/wp\/v2\/media\/8010"}],"wp:attachment":[{"href":"https:\/\/www.radiopresidenteibanez.cl\/web\/wp-json\/wp\/v2\/media?parent=8009"}],"wp:term":[{"taxonomy":"category","embeddable":true,"href":"https:\/\/www.radiopresidenteibanez.cl\/web\/wp-json\/wp\/v2\/categories?post=8009"},{"taxonomy":"post_tag","embeddable":true,"href":"https:\/\/www.radiopresidenteibanez.cl\/web\/wp-json\/wp\/v2\/tags?post=8009"}],"curies":[{"name":"wp","href":"https:\/\/api.w.org\/{rel}","templated":true}]}}