{"id":8005,"date":"2019-11-12T16:47:34","date_gmt":"2019-11-12T16:47:34","guid":{"rendered":"https:\/\/www.radiopresidenteibanez.cl\/web\/?p=8005"},"modified":"2019-11-12T16:47:39","modified_gmt":"2019-11-12T16:47:39","slug":"mas-de-10-mil-personas-se-movilizaron-por-el-centro-de-punta-arenas","status":"publish","type":"post","link":"https:\/\/www.radiopresidenteibanez.cl\/web\/mas-de-10-mil-personas-se-movilizaron-por-el-centro-de-punta-arenas\/","title":{"rendered":"M\u00c1S DE 10 MIL PERSONAS SE MOVILIZARON POR EL CENTRO DE PUNTA ARENAS"},"content":{"rendered":"\n<p>Pasadas las 10:30 horas, comenz\u00f3 la huelga de car\u00e1cter nacional\nen Punta Arenas, en la oportunidad m\u00e1s de 10 mil personas marcharon por los\ndistintos sectores del centro de la ciudad, en la oportunidad participaron sindicatos\ndel \u00e1rea de la salud, educaci\u00f3n, entre otros.<\/p>\n\n\n\n<p>Para eso de las 17:00 horas se llamo a otra masiva marcha\nque se convocar\u00e1 en la Plaza Benjam\u00edn Mu\u00f1oz Gamero.<\/p>\n","protected":false},"excerpt":{"rendered":"<p>Pasadas las 10:30 horas, comenz\u00f3 la huelga de car\u00e1cter nacional en Punta Arenas, en la oportunidad m\u00e1s de 10 mil personas marcharon por los distintos sectores del centro de la&#8230; <a class=\"read-more\" href=\"https:\/\/www.radiopresidenteibanez.cl\/web\/mas-de-10-mil-personas-se-movilizaron-por-el-centro-de-punta-arenas\/\">Leer m\u00e1s<\/a><\/p>\n","protected":false},"author":2,"featured_media":8006,"comment_status":"closed","ping_status":"closed","sticky":false,"template":"","format":"standard","meta":{"footnotes":""},"categories":[1],"tags":[],"class_list":["post-8005","post","type-post","status-publish","format-standard","has-post-thumbnail","hentry","category-cronica"],"_links":{"self":[{"href":"https:\/\/www.radiopresidenteibanez.cl\/web\/wp-json\/wp\/v2\/posts\/8005","targetHints":{"allow":["GET"]}}],"collection":[{"href":"https:\/\/www.radiopresidenteibanez.cl\/web\/wp-json\/wp\/v2\/posts"}],"about":[{"href":"https:\/\/www.radiopresidenteibanez.cl\/web\/wp-json\/wp\/v2\/types\/post"}],"author":[{"embeddable":true,"href":"https:\/\/www.radiopresidenteibanez.cl\/web\/wp-json\/wp\/v2\/users\/2"}],"replies":[{"embeddable":true,"href":"https:\/\/www.radiopresidenteibanez.cl\/web\/wp-json\/wp\/v2\/comments?post=8005"}],"version-history":[{"count":0,"href":"https:\/\/www.radiopresidenteibanez.cl\/web\/wp-json\/wp\/v2\/posts\/8005\/revisions"}],"wp:featuredmedia":[{"embeddable":true,"href":"https:\/\/www.radiopresidenteibanez.cl\/web\/wp-json\/wp\/v2\/media\/8006"}],"wp:attachment":[{"href":"https:\/\/www.radiopresidenteibanez.cl\/web\/wp-json\/wp\/v2\/media?parent=8005"}],"wp:term":[{"taxonomy":"category","embeddable":true,"href":"https:\/\/www.radiopresidenteibanez.cl\/web\/wp-json\/wp\/v2\/categories?post=8005"},{"taxonomy":"post_tag","embeddable":true,"href":"https:\/\/www.radiopresidenteibanez.cl\/web\/wp-json\/wp\/v2\/tags?post=8005"}],"curies":[{"name":"wp","href":"https:\/\/api.w.org\/{rel}","templated":true}]}}