{"id":7989,"date":"2019-11-10T16:27:45","date_gmt":"2019-11-10T16:27:45","guid":{"rendered":"https:\/\/www.radiopresidenteibanez.cl\/web\/?p=7989"},"modified":"2019-11-10T16:27:48","modified_gmt":"2019-11-10T16:27:48","slug":"pdi-realizo-la-incautacion-mas-grandes-de-drogas-sinteticas-en-magallanes","status":"publish","type":"post","link":"https:\/\/www.radiopresidenteibanez.cl\/web\/pdi-realizo-la-incautacion-mas-grandes-de-drogas-sinteticas-en-magallanes\/","title":{"rendered":"PDI REALIZ\u00d3 LA INCAUTACI\u00d3N M\u00c1S GRANDES DE DROGAS SINT\u00c9TICAS EN MAGALLANES"},"content":{"rendered":"\n<p>En dependencias del Aeropuerto\nCarlos Ib\u00e1\u00f1ez del Campo, la Brigada Antinarc\u00f3ticos y Contra el Crimen\nOrganizado de la Polic\u00eda de Investigaciones de Punta Arenas, realiz\u00f3 el decomiso\nde 300 pastillas MDMA m\u00e1s conocida como \u00e9xtasis, as\u00ed tambi\u00e9n fue decomisada una\ndroga denominada \u201cTUSI\u201d, que era transportado por una mujer.<\/p>\n\n\n\n<p>Las sustancias decomisadas\nalcanzan un valor de 6 millones y medio de pesos, los detalles fueron\nentregados por el Comisario Patricio Flores, Jefe Brigada Antinarc\u00f3ticos y\nContra el Crimen Organizado Punta Arenas<\/p>\n","protected":false},"excerpt":{"rendered":"<p>En dependencias del Aeropuerto Carlos Ib\u00e1\u00f1ez del Campo, la Brigada Antinarc\u00f3ticos y Contra el Crimen Organizado de la Polic\u00eda de Investigaciones de Punta Arenas, realiz\u00f3 el decomiso de 300 pastillas&#8230; <a class=\"read-more\" href=\"https:\/\/www.radiopresidenteibanez.cl\/web\/pdi-realizo-la-incautacion-mas-grandes-de-drogas-sinteticas-en-magallanes\/\">Leer m\u00e1s<\/a><\/p>\n","protected":false},"author":2,"featured_media":7990,"comment_status":"closed","ping_status":"closed","sticky":false,"template":"","format":"standard","meta":{"footnotes":""},"categories":[6],"tags":[],"class_list":["post-7989","post","type-post","status-publish","format-standard","has-post-thumbnail","hentry","category-policial"],"_links":{"self":[{"href":"https:\/\/www.radiopresidenteibanez.cl\/web\/wp-json\/wp\/v2\/posts\/7989","targetHints":{"allow":["GET"]}}],"collection":[{"href":"https:\/\/www.radiopresidenteibanez.cl\/web\/wp-json\/wp\/v2\/posts"}],"about":[{"href":"https:\/\/www.radiopresidenteibanez.cl\/web\/wp-json\/wp\/v2\/types\/post"}],"author":[{"embeddable":true,"href":"https:\/\/www.radiopresidenteibanez.cl\/web\/wp-json\/wp\/v2\/users\/2"}],"replies":[{"embeddable":true,"href":"https:\/\/www.radiopresidenteibanez.cl\/web\/wp-json\/wp\/v2\/comments?post=7989"}],"version-history":[{"count":0,"href":"https:\/\/www.radiopresidenteibanez.cl\/web\/wp-json\/wp\/v2\/posts\/7989\/revisions"}],"wp:featuredmedia":[{"embeddable":true,"href":"https:\/\/www.radiopresidenteibanez.cl\/web\/wp-json\/wp\/v2\/media\/7990"}],"wp:attachment":[{"href":"https:\/\/www.radiopresidenteibanez.cl\/web\/wp-json\/wp\/v2\/media?parent=7989"}],"wp:term":[{"taxonomy":"category","embeddable":true,"href":"https:\/\/www.radiopresidenteibanez.cl\/web\/wp-json\/wp\/v2\/categories?post=7989"},{"taxonomy":"post_tag","embeddable":true,"href":"https:\/\/www.radiopresidenteibanez.cl\/web\/wp-json\/wp\/v2\/tags?post=7989"}],"curies":[{"name":"wp","href":"https:\/\/api.w.org\/{rel}","templated":true}]}}