{"id":7957,"date":"2019-11-07T19:35:51","date_gmt":"2019-11-07T19:35:51","guid":{"rendered":"https:\/\/www.radiopresidenteibanez.cl\/web\/?p=7957"},"modified":"2019-11-07T19:35:55","modified_gmt":"2019-11-07T19:35:55","slug":"municipalidad-de-natales-realizara-tercer-dialogo-ciudadano-este-fin-de-semana","status":"publish","type":"post","link":"https:\/\/www.radiopresidenteibanez.cl\/web\/municipalidad-de-natales-realizara-tercer-dialogo-ciudadano-este-fin-de-semana\/","title":{"rendered":"MUNICIPALIDAD DE NATALES REALIZARA TERCER DIALOGO CIUDADANO ESTE FIN DE SEMANA"},"content":{"rendered":"\n<p>En el sal\u00f3n de eventos del liceo\npolit\u00e9cnico \u201cLuis Cruz Mart\u00ednez\u201d se desarroll\u00f3 la segunda parte del di\u00e1logo\nciudadano \u201cNatales participa\u201d, en donde mediante una presentaci\u00f3n se mostr\u00f3 la\ninformaci\u00f3n recaudada por parte de los vecinos mediante gr\u00e1ficos y\nestad\u00edsticas, posterior a la tabulaci\u00f3n de todo el material trabajado en la\nprimera instancia.<\/p>\n\n\n\n<p>Esto se enmarca en el compromiso\nestipulado por la municipalidad en el anterior di\u00e1logo ciudadano del pasado\nmartes. En la segunda parte, los vecinos definieron las tem\u00e1ticas de las mesas\nde trabajo en las que se desarrollar\u00e1 cada tema con mayor profundidad, inscribi\u00e9ndose\nen la tem\u00e1tica que desean trabajar. <\/p>\n\n\n\n<p>La m\u00e1xima autoridad comunal,\nFernando Paredes Mansilla, sostuvo que el municipio est\u00e1 llevando todas las oportunidades\nde participaci\u00f3n y valid\u00f3 todas las instancias de aporte que est\u00e1n haciendo\notras organizaciones. \u201cNosotros ya nos hemos autoimpuesto un plazo de que en el\nmes de noviembre deber\u00edamos terminar con este proceso para poder entregar un\ndocumento macizo y concreto a las autoridades que correspondan. Porque\nfinalmente este trabajo de participaci\u00f3n ciudadana tiene que tener un relato,\ntiene que tener un sustento y tiene que terminar en un documento que se\nentregan a las autoridades nacionales, parlamentarios a nivel regional, al\nintendente y a las autoridades comunales tambi\u00e9n\u201d.<\/p>\n\n\n\n<p>Asimismo, el edil destac\u00f3 que\nesta es la manera de enfrentar la crisis que se presenta a nivel pa\u00eds, \u201ccon\nmucho di\u00e1logo, con mucha conversaci\u00f3n. Tenemos que tener la capacidad de aunar\nlos criterios y yo creo que estamos en el camino correcto\u201d.<\/p>\n\n\n\n<p>Uno de los vecinos participantes\nen la segunda etapa del di\u00e1logo ciudadano destac\u00f3 que todo suma. \u201cHoy d\u00eda hay\nque agregarse al tema, hoy d\u00eda&nbsp; no hay\nque quedarse pasivo, hay que estar muy activo en toda esta demanda que no es\nsolamente de la comunidad, esto es a nivel pa\u00eds\u201d.<\/p>\n\n\n\n<p>Finalmente, la pr\u00f3xima etapa a\ndesarrollar ser\u00e1n las mesas de trabajo focalizadas en salud, medio ambiente,\nsocial, educaci\u00f3n, econom\u00eda-trabajo y adulto mayor, la que se llevar\u00e1 a cabo este\ns\u00e1bado 09 de noviembre a las 17 horas en el liceo B-11 \u201cGabriela Mistral\u201d,\ncontinuando con las jornadas el martes 12, s\u00e1bado 16 y la entrega de\nconclusiones el martes 19 de noviembre, con el fin de entregar el informe final\npor parte de la municipalidad a la comunidad y las autoridades el viernes 6 de\ndiciembre.<\/p>\n","protected":false},"excerpt":{"rendered":"<p>En el sal\u00f3n de eventos del liceo polit\u00e9cnico \u201cLuis Cruz Mart\u00ednez\u201d se desarroll\u00f3 la segunda parte del di\u00e1logo ciudadano \u201cNatales participa\u201d, en donde mediante una presentaci\u00f3n se mostr\u00f3 la informaci\u00f3n&#8230; <a class=\"read-more\" href=\"https:\/\/www.radiopresidenteibanez.cl\/web\/municipalidad-de-natales-realizara-tercer-dialogo-ciudadano-este-fin-de-semana\/\">Leer m\u00e1s<\/a><\/p>\n","protected":false},"author":2,"featured_media":7958,"comment_status":"closed","ping_status":"closed","sticky":false,"template":"","format":"standard","meta":{"footnotes":""},"categories":[1],"tags":[],"class_list":["post-7957","post","type-post","status-publish","format-standard","has-post-thumbnail","hentry","category-cronica"],"_links":{"self":[{"href":"https:\/\/www.radiopresidenteibanez.cl\/web\/wp-json\/wp\/v2\/posts\/7957","targetHints":{"allow":["GET"]}}],"collection":[{"href":"https:\/\/www.radiopresidenteibanez.cl\/web\/wp-json\/wp\/v2\/posts"}],"about":[{"href":"https:\/\/www.radiopresidenteibanez.cl\/web\/wp-json\/wp\/v2\/types\/post"}],"author":[{"embeddable":true,"href":"https:\/\/www.radiopresidenteibanez.cl\/web\/wp-json\/wp\/v2\/users\/2"}],"replies":[{"embeddable":true,"href":"https:\/\/www.radiopresidenteibanez.cl\/web\/wp-json\/wp\/v2\/comments?post=7957"}],"version-history":[{"count":0,"href":"https:\/\/www.radiopresidenteibanez.cl\/web\/wp-json\/wp\/v2\/posts\/7957\/revisions"}],"wp:featuredmedia":[{"embeddable":true,"href":"https:\/\/www.radiopresidenteibanez.cl\/web\/wp-json\/wp\/v2\/media\/7958"}],"wp:attachment":[{"href":"https:\/\/www.radiopresidenteibanez.cl\/web\/wp-json\/wp\/v2\/media?parent=7957"}],"wp:term":[{"taxonomy":"category","embeddable":true,"href":"https:\/\/www.radiopresidenteibanez.cl\/web\/wp-json\/wp\/v2\/categories?post=7957"},{"taxonomy":"post_tag","embeddable":true,"href":"https:\/\/www.radiopresidenteibanez.cl\/web\/wp-json\/wp\/v2\/tags?post=7957"}],"curies":[{"name":"wp","href":"https:\/\/api.w.org\/{rel}","templated":true}]}}