{"id":7954,"date":"2019-11-07T19:33:32","date_gmt":"2019-11-07T19:33:32","guid":{"rendered":"https:\/\/www.radiopresidenteibanez.cl\/web\/?p=7954"},"modified":"2019-11-07T19:33:37","modified_gmt":"2019-11-07T19:33:37","slug":"en-diciembre-abre-sus-puertas-la-nueva-farmacia-comunal-en-el-lado-sur-de-punta-arenas","status":"publish","type":"post","link":"https:\/\/www.radiopresidenteibanez.cl\/web\/en-diciembre-abre-sus-puertas-la-nueva-farmacia-comunal-en-el-lado-sur-de-punta-arenas\/","title":{"rendered":"EN DICIEMBRE ABRE SUS PUERTAS LA NUEVA FARMACIA COMUNAL EN EL LADO SUR DE PUNTA ARENAS"},"content":{"rendered":"\n<p>Durante esta jornada, el alcalde Claudio Radonich, junto a la Jefa del \u00c1rea de Salud de la Corporaci\u00f3n Municipal de Punta Arenas, Rosa Bidart, visitaron las obras de lo que ser\u00e1 la nueva Farmacia Comunal de nuestra ciudad, la que estar\u00e1 ubicada a un costado del CESFAM Dr. Juan Damianovic en calle Jos\u00e9 Ignacio Zenteno.<\/p>\n\n\n\n<p>\u201cEsta ser\u00e1 una sucursal de nuestra Farmacia Comunal, pensada en poder otorgar un beneficio a todos los vecinos del lado sur de Punta Arenas\u201d, manifest\u00f3 Radonich.<\/p>\n\n\n\n<p>A ello agreg\u00f3 que esperan poder inaugurar en el mes de diciembre, y su horario de atenci\u00f3n ser\u00e1 de lunes a viernes entre 9 y 13 horas durante las ma\u00f1anas, y desde las 14 hasta 16:30 horas por las tardes.<\/p>\n\n\n\n<p>\u201cEl acceso es sin restricci\u00f3n alguna, ya que lo que buscamos con esto es tratar de lograr mayor equidad territorial, y sobretodo medicamentos a un costo razonable y accesible para nuestros vecinos\u201d, recalc\u00f3 la primera autoridad de la comuna.<\/p>\n\n\n\n<p>Asimismo, Rosa Bidart jefa del \u00c1rea Salud Municipal dijo que \u201cesto viene a sellar un compromiso que ten\u00edamos con la comunidad, puesto que nuestra Farmacia Comunal no tiene fines de lucro, por tanto, los medicamentos se venden a un precio costo\u201d.<\/p>\n\n\n\n<p>Finalmente, el alcalde Radonich dijo que \u201cojal\u00e1 lo m\u00e1s pronto posible, logremos tener un Polo de Salud en el sector sur de la ciudad, que incluya tener un remodelado Centro Salud Familiar Damianovic, el nuevo Servicio de Atenci\u00f3n Primaria de Urgencia de Alta Resolutividad (SAR), y ahora tambi\u00e9n una Farmacia Comunal\u201d.<br><\/p>\n","protected":false},"excerpt":{"rendered":"<p>Durante esta jornada, el alcalde Claudio Radonich, junto a la Jefa del \u00c1rea de Salud de la Corporaci\u00f3n Municipal de Punta Arenas, Rosa Bidart, visitaron las obras de lo que&#8230; <a class=\"read-more\" href=\"https:\/\/www.radiopresidenteibanez.cl\/web\/en-diciembre-abre-sus-puertas-la-nueva-farmacia-comunal-en-el-lado-sur-de-punta-arenas\/\">Leer m\u00e1s<\/a><\/p>\n","protected":false},"author":2,"featured_media":7955,"comment_status":"closed","ping_status":"closed","sticky":false,"template":"","format":"standard","meta":{"footnotes":""},"categories":[1],"tags":[],"class_list":["post-7954","post","type-post","status-publish","format-standard","has-post-thumbnail","hentry","category-cronica"],"_links":{"self":[{"href":"https:\/\/www.radiopresidenteibanez.cl\/web\/wp-json\/wp\/v2\/posts\/7954","targetHints":{"allow":["GET"]}}],"collection":[{"href":"https:\/\/www.radiopresidenteibanez.cl\/web\/wp-json\/wp\/v2\/posts"}],"about":[{"href":"https:\/\/www.radiopresidenteibanez.cl\/web\/wp-json\/wp\/v2\/types\/post"}],"author":[{"embeddable":true,"href":"https:\/\/www.radiopresidenteibanez.cl\/web\/wp-json\/wp\/v2\/users\/2"}],"replies":[{"embeddable":true,"href":"https:\/\/www.radiopresidenteibanez.cl\/web\/wp-json\/wp\/v2\/comments?post=7954"}],"version-history":[{"count":0,"href":"https:\/\/www.radiopresidenteibanez.cl\/web\/wp-json\/wp\/v2\/posts\/7954\/revisions"}],"wp:featuredmedia":[{"embeddable":true,"href":"https:\/\/www.radiopresidenteibanez.cl\/web\/wp-json\/wp\/v2\/media\/7955"}],"wp:attachment":[{"href":"https:\/\/www.radiopresidenteibanez.cl\/web\/wp-json\/wp\/v2\/media?parent=7954"}],"wp:term":[{"taxonomy":"category","embeddable":true,"href":"https:\/\/www.radiopresidenteibanez.cl\/web\/wp-json\/wp\/v2\/categories?post=7954"},{"taxonomy":"post_tag","embeddable":true,"href":"https:\/\/www.radiopresidenteibanez.cl\/web\/wp-json\/wp\/v2\/tags?post=7954"}],"curies":[{"name":"wp","href":"https:\/\/api.w.org\/{rel}","templated":true}]}}