{"id":7937,"date":"2019-11-05T20:40:40","date_gmt":"2019-11-05T20:40:40","guid":{"rendered":"https:\/\/www.radiopresidenteibanez.cl\/web\/?p=7937"},"modified":"2019-11-05T20:40:44","modified_gmt":"2019-11-05T20:40:44","slug":"dicrep-magallanes-informa-atencion-normal-y-confirma-nuevo-remate-de-alhajas","status":"publish","type":"post","link":"https:\/\/www.radiopresidenteibanez.cl\/web\/dicrep-magallanes-informa-atencion-normal-y-confirma-nuevo-remate-de-alhajas\/","title":{"rendered":"DICREP MAGALLANES INFORMA ATENCI\u00d3N NORMAL Y CONFIRMA NUEVO REMATE DE ALHAJAS"},"content":{"rendered":"\n<p>La Direcci\u00f3n de\nCr\u00e9dito Prendario (Dicrep) de Magallanes ha informado el d\u00eda de hoy que la\nsucursal correspondiente a la ciudad de Punta Arenas se encuentra con horario\nde atenci\u00f3n normal para sus usuarios y p\u00fablico general, confirmando, adem\u00e1s, la\nrealizaci\u00f3n de un nuevo remate de joyas y objetos varios programado para este\njueves 07 de noviembre, a partir de las 15:30 horas.<\/p>\n\n\n\n<p>As\u00ed lo dio a\nconocer durante esta jornada la Seremi del Trabajo y Previsi\u00f3n Social, Victoria\nCort\u00e9s, cartera de la cual depende la instituci\u00f3n, ratificando que: \u201cDurante\ntoda esta semana nuestra \u2018T\u00eda Rica\u2019 mantiene su horario regular de atenci\u00f3n, de\nlunes a viernes, entre las 9 y las 14 horas, para todo aquel que desee dejar en\nprenda alg\u00fan art\u00edculo de valor o para aquellos usuarios que necesiten hacer\nretiro de sus objetos empe\u00f1ados\u201d.<\/p>\n\n\n\n<p>Asimismo, la\nautoridad laboral inform\u00f3 sobre un nuevo remate de alhajas y objetos varios, el\ncual debi\u00f3 realizarse durante la \u00faltima semana del pasado mes de octubre pero\nque, producto de la contingencia nacional y regional, debi\u00f3 reprogramarse para\nesta semana. <\/p>\n\n\n\n<p>\u201cQueremos\ncomunicar tambi\u00e9n que el administrador regional de la Dicrep nos ha confirmado\nla realizaci\u00f3n de este remate que fue suspendido con anterioridad producto de\nla situaci\u00f3n regional, por lo que qued\u00f3 reprogramado para este jueves 07 de\nnoviembre, a las 15:30 horas, cuya exhibici\u00f3n se realizar\u00e1 el d\u00eda de ma\u00f1ana\n(mi\u00e9rcoles 6 de noviembre) de 15 a 18 horas, para ver con anticipaci\u00f3n los\nobjetos que se subastar\u00e1n durante esa jornada\u201d, inform\u00f3.<\/p>\n\n\n\n<p>\u201cEn estos d\u00edas\nhab\u00edamos recibido la consulta de varias usuarias preocupadas por la atenci\u00f3n de\nla T\u00eda Rica y la ejecuci\u00f3n de este remate, por lo que queremos hacer un llamado\na la comunidad magall\u00e1nica a acudir con toda normalidad a la Dicrep Magallanes,\nque est\u00e1 con todos sus funcionarios atendiendo de manera absolutamente normal\u201d,\nagreg\u00f3 la autoridad.<\/p>\n\n\n\n<p>\u201cPriorizamos el\nrol del bien social que tiene este servicio a fin de atender a todos los\nusuarios que acuden por una necesidad imperiosa a la Dicrep de Punta Arenas, la\ncual les puede dar una soluci\u00f3n r\u00e1pida y expedita a sus necesidades\necon\u00f3micas\u201d, expres\u00f3 el administrador local, Claudio Reyes.<\/p>\n\n\n\n<p>Por \u00faltimo, la\nautoridad laboral record\u00f3 que, ante cualquier consulta o solicitud, las oficinas\ndel servicio se encuentran en calle Lautaro Navarro N\u00b01024 y el tel\u00e9fono de\natenci\u00f3n es 612360425.<\/p>\n","protected":false},"excerpt":{"rendered":"<p>La Direcci\u00f3n de Cr\u00e9dito Prendario (Dicrep) de Magallanes ha informado el d\u00eda de hoy que la sucursal correspondiente a la ciudad de Punta Arenas se encuentra con horario de atenci\u00f3n&#8230; <a class=\"read-more\" href=\"https:\/\/www.radiopresidenteibanez.cl\/web\/dicrep-magallanes-informa-atencion-normal-y-confirma-nuevo-remate-de-alhajas\/\">Leer m\u00e1s<\/a><\/p>\n","protected":false},"author":2,"featured_media":7938,"comment_status":"closed","ping_status":"closed","sticky":false,"template":"","format":"standard","meta":{"footnotes":""},"categories":[1],"tags":[],"class_list":["post-7937","post","type-post","status-publish","format-standard","has-post-thumbnail","hentry","category-cronica"],"_links":{"self":[{"href":"https:\/\/www.radiopresidenteibanez.cl\/web\/wp-json\/wp\/v2\/posts\/7937","targetHints":{"allow":["GET"]}}],"collection":[{"href":"https:\/\/www.radiopresidenteibanez.cl\/web\/wp-json\/wp\/v2\/posts"}],"about":[{"href":"https:\/\/www.radiopresidenteibanez.cl\/web\/wp-json\/wp\/v2\/types\/post"}],"author":[{"embeddable":true,"href":"https:\/\/www.radiopresidenteibanez.cl\/web\/wp-json\/wp\/v2\/users\/2"}],"replies":[{"embeddable":true,"href":"https:\/\/www.radiopresidenteibanez.cl\/web\/wp-json\/wp\/v2\/comments?post=7937"}],"version-history":[{"count":0,"href":"https:\/\/www.radiopresidenteibanez.cl\/web\/wp-json\/wp\/v2\/posts\/7937\/revisions"}],"wp:featuredmedia":[{"embeddable":true,"href":"https:\/\/www.radiopresidenteibanez.cl\/web\/wp-json\/wp\/v2\/media\/7938"}],"wp:attachment":[{"href":"https:\/\/www.radiopresidenteibanez.cl\/web\/wp-json\/wp\/v2\/media?parent=7937"}],"wp:term":[{"taxonomy":"category","embeddable":true,"href":"https:\/\/www.radiopresidenteibanez.cl\/web\/wp-json\/wp\/v2\/categories?post=7937"},{"taxonomy":"post_tag","embeddable":true,"href":"https:\/\/www.radiopresidenteibanez.cl\/web\/wp-json\/wp\/v2\/tags?post=7937"}],"curies":[{"name":"wp","href":"https:\/\/api.w.org\/{rel}","templated":true}]}}