{"id":7934,"date":"2019-11-05T20:32:23","date_gmt":"2019-11-05T20:32:23","guid":{"rendered":"https:\/\/www.radiopresidenteibanez.cl\/web\/?p=7934"},"modified":"2019-11-05T20:32:27","modified_gmt":"2019-11-05T20:32:27","slug":"punta-arenas-suspende-fiesta-y-fuegos-artificiales-para-ano-nuevo","status":"publish","type":"post","link":"https:\/\/www.radiopresidenteibanez.cl\/web\/punta-arenas-suspende-fiesta-y-fuegos-artificiales-para-ano-nuevo\/","title":{"rendered":"PUNTA ARENAS SUSPENDE FIESTA Y FUEGOS ARTIFICIALES PARA A\u00d1O NUEVO"},"content":{"rendered":"\n<p>\u201cHemos decidido suspender los Fuegos Artificiales programados para el a\u00f1o nuevo que se avecina, y a la vez estamos evaluando todos los eventos y actividades agendadas de aqu\u00ed a fin de a\u00f1o\u201d, as\u00ed lo anunci\u00f3 el alcalde Claudio Radonich durante esta jornada, quien agreg\u00f3 que es necesario sumar austeridad y dar se\u00f1ales concretas frente al escenario que vive el pa\u00eds.<\/p>\n\n\n\n<p>\u201cEstamos haciendo un gran esfuerzo para poder inyectar recursos a nuestro Sistema de Salud y de Educaci\u00f3n, por lo que la decisi\u00f3n ha sido tomada con el fin de redestinar fondos en esa y otras l\u00edneas de acci\u00f3n\u201d, explic\u00f3 la autoridad comunal.<\/p>\n\n\n\n<p>A esto, el Alcalde agreg\u00f3 que se est\u00e1n evaluando todos los eventos y actividades programadas de aqu\u00ed a fin de a\u00f1o.<\/p>\n\n\n\n<p>Asimismo, Radonich solicit\u00f3 concretar una modificaci\u00f3n para el presupuesto 2020, para que se rebaje un 3 por ciento en todas las partidas municipales, lo que significa poder reinvertir 400 millones de pesos en Salud y Atenci\u00f3n Primaria.<\/p>\n\n\n\n<p>\u201cEn paralelo, estamos realizando un catastro con los comerciantes del centro de la ciudad con el fin de poder presentar un proyecto para restaurar las fachadas mediante Fondos Regionales y as\u00ed poder levantar nuestro centro y tratar de mitigar los efectos en el Turismo Local\u201d, reiter\u00f3.<\/p>\n\n\n\n<p>Finalmente, el alcalde Radonich confirm\u00f3 igualmente, que la Fiesta de la Navidad para los ni\u00f1os de la comuna se mantiene.<br><\/p>\n","protected":false},"excerpt":{"rendered":"<p>\u201cHemos decidido suspender los Fuegos Artificiales programados para el a\u00f1o nuevo que se avecina, y a la vez estamos evaluando todos los eventos y actividades agendadas de aqu\u00ed a fin&#8230; <a class=\"read-more\" href=\"https:\/\/www.radiopresidenteibanez.cl\/web\/punta-arenas-suspende-fiesta-y-fuegos-artificiales-para-ano-nuevo\/\">Leer m\u00e1s<\/a><\/p>\n","protected":false},"author":2,"featured_media":7935,"comment_status":"closed","ping_status":"closed","sticky":false,"template":"","format":"standard","meta":{"footnotes":""},"categories":[1],"tags":[],"class_list":["post-7934","post","type-post","status-publish","format-standard","has-post-thumbnail","hentry","category-cronica"],"_links":{"self":[{"href":"https:\/\/www.radiopresidenteibanez.cl\/web\/wp-json\/wp\/v2\/posts\/7934","targetHints":{"allow":["GET"]}}],"collection":[{"href":"https:\/\/www.radiopresidenteibanez.cl\/web\/wp-json\/wp\/v2\/posts"}],"about":[{"href":"https:\/\/www.radiopresidenteibanez.cl\/web\/wp-json\/wp\/v2\/types\/post"}],"author":[{"embeddable":true,"href":"https:\/\/www.radiopresidenteibanez.cl\/web\/wp-json\/wp\/v2\/users\/2"}],"replies":[{"embeddable":true,"href":"https:\/\/www.radiopresidenteibanez.cl\/web\/wp-json\/wp\/v2\/comments?post=7934"}],"version-history":[{"count":0,"href":"https:\/\/www.radiopresidenteibanez.cl\/web\/wp-json\/wp\/v2\/posts\/7934\/revisions"}],"wp:featuredmedia":[{"embeddable":true,"href":"https:\/\/www.radiopresidenteibanez.cl\/web\/wp-json\/wp\/v2\/media\/7935"}],"wp:attachment":[{"href":"https:\/\/www.radiopresidenteibanez.cl\/web\/wp-json\/wp\/v2\/media?parent=7934"}],"wp:term":[{"taxonomy":"category","embeddable":true,"href":"https:\/\/www.radiopresidenteibanez.cl\/web\/wp-json\/wp\/v2\/categories?post=7934"},{"taxonomy":"post_tag","embeddable":true,"href":"https:\/\/www.radiopresidenteibanez.cl\/web\/wp-json\/wp\/v2\/tags?post=7934"}],"curies":[{"name":"wp","href":"https:\/\/api.w.org\/{rel}","templated":true}]}}