{"id":7931,"date":"2019-11-05T19:32:08","date_gmt":"2019-11-05T19:32:08","guid":{"rendered":"https:\/\/www.radiopresidenteibanez.cl\/web\/?p=7931"},"modified":"2019-11-05T19:32:11","modified_gmt":"2019-11-05T19:32:11","slug":"en-sesion-plenaria-efectuada-en-primavera-core-aprobo-diversas-iniciativas-y-reitero-necesidad-de-establecer-prioridades-sociales-en-materia-de-inversion-publica","status":"publish","type":"post","link":"https:\/\/www.radiopresidenteibanez.cl\/web\/en-sesion-plenaria-efectuada-en-primavera-core-aprobo-diversas-iniciativas-y-reitero-necesidad-de-establecer-prioridades-sociales-en-materia-de-inversion-publica\/","title":{"rendered":"EN SESI\u00d3N PLENARIA EFECTUADA EN PRIMAVERA: CORE APROB\u00d3 DIVERSAS INICIATIVAS Y REITER\u00d3 NECESIDAD DE ESTABLECER PRIORIDADES SOCIALES EN MATERIA DE INVERSI\u00d3N P\u00daBLICA"},"content":{"rendered":"\n<p>Con el\nobjetivo de estar presentes en cada territorio y conocer el avance y\ndificultades de proyectos, el Consejo Regional de Magallanes y de la Ant\u00e1rtica\nChilena se reuni\u00f3 este lunes en la Comuna Primavera. <\/p>\n\n\n\n<p>En la\noportunidad el alcalde, Blagomir Brztilo, dio a conocer los principales\naspectos del Plan de Desarrollo Comunal, destacando desaf\u00edos a futuro como la construcci\u00f3n\nde un cuartel de Bomberos, un centro cultural y un proyecto de viviendas que el\nmunicipio est\u00e1 postulando a trav\u00e9s del subsidio de habitabilidad rural D.S.10. \u201cSiempre\nes un honor recibir al Consejo Regional y tratar temas importantes orientados a\nnuestro desarrollo. Pudimos informar respecto a proyectos necesarios y urgentes\ncomo lo es el conjunto habitacional que esperamos pueda salir adelante\u201d,\ndetall\u00f3 la autoridad comunal. <\/p>\n\n\n\n<p>En\nmateria de iniciativas, el CORE sancion\u00f3 favorablemente 28 millones 774 mil pesos para \u201cAdquisici\u00f3n\nde Contenedores para la localidad Puerto Ed\u00e9n, comuna Puerto Natales\u201d. Asimismo\nun total de cinco proyectos de inter\u00e9s regional bajo la modalidad de asignaci\u00f3n de recursos\n6% FNDR no concursables del Fondo Social, destinando\n5 millones 626 mil pesos al \u201cTaller de capacitaci\u00f3n en t\u00e9cnicas de cardado\u201d,\npresentado por la Agrupaci\u00f3n de Mujeres Rurales Orqu\u00eddeas del Sur, 3 millones\n626 mil pesos para \u201cManos creativas dise\u00f1ando en navidad\u201d, presentado por la\nAgrupaci\u00f3n las Hormiguitas, &nbsp;2 millones\n240 pesos para \u201cTaller de t\u00e9cnicas en telar para adultos mayores&nbsp; de Punta Arenas\u201d presentado por Club Adulto\nMayor Manuel Bulnes, 5 millones 757 para \u201cTalleres de alimentaci\u00f3n para adultos\ncon discapacidad intelectual basada en gastronom\u00eda originarias\u201d presentado por Manos\nde Hermanos y 4 millones de pesos para el proyecto \u201cAbejitas obreras\u201d\npresentado por la Agrupaci\u00f3n Manos Unidas. <\/p>\n\n\n\n<p>Seg\u00fan coment\u00f3 el presidente de la comisi\u00f3n Social y\nconsejero de Tierra del Fuego, Andr\u00e9s L\u00f3pez, se trata de iniciativas que en su\nmayor\u00eda benefician directamente a los adultos mayores \u201ces un proceso que ya\nest\u00e1 terminando y esperamos trabajar en las \u00faltimas dos semanas de noviembre para\nconcluir. En la comisi\u00f3n acordamos trabajar en cu\u00e1les ser\u00e1n las prioridades de\naqu\u00ed en adelante y una de ellas es el \u00e1rea de vivienda ya que notamos que hoy\nel ministerio ha disminuido considerablemente el aporte porcentual de recursos\npara la regi\u00f3n\u201d.<\/p>\n\n\n\n<p>En otro tema, el CORE no aprob\u00f3 por mayor\u00eda de votos\n(10 contra 3), 1.527 millones de pesos para la \u201cConstrucci\u00f3n Espacio P\u00fablico\nRecreativo Piloto Pardo, Puerto Natales\u201d. Los votos a favor correspondieron a\nlos consejeros Tolentino Soto, Yammy Warner y Marcelo Garrido. <\/p>\n\n\n\n<p>Seg\u00fan expres\u00f3 el presidente de\nla comisi\u00f3n Presupuesto, Miguel Sierpe, &nbsp;\u201cel CORE est\u00e1 marcando un camino y en las sesiones\nefectuadas durante el contexto de las complicaciones que existen en el pa\u00eds, ha\nquedado de manifiesto que estamos por aprobar proyectos que est\u00e9n relacionados\na los aspectos sociales que la comunidad hoy est\u00e1 demandando intentando dar\nsoluci\u00f3n a los problemas y lo que ha pasado con la plaza recreativa de Natales tiene\nque ver con ello. Hay problem\u00e1ticas m\u00e1s importantes como salud o vivienda y\nesperamos que en la reuni\u00f3n del mi\u00e9rcoles con el Intendente conversemos esta\nsituaci\u00f3n a fin de atender lo que la ciudadan\u00eda est\u00e1 planteando\u201d.<\/p>\n\n\n\n<p>Por su parte el presidente del CORE, Alejandro Kusanovic,\nafirm\u00f3 \u201chace tiempo estamos planteando la desconexi\u00f3n entre los gobiernos, los\npol\u00edticos y la realidad de las personas y lo que est\u00e1 pasando es que la clase\nmedia ha perdido su nivel adquisitivo y ve desmejorada su calidad de vida ya\nque el Estado se ha descontado de la realidad y no est\u00e1 ofreciendo soluciones.\nPor ejemplo hoy la gente debe arrendar una vivienda por 400 mil pesos y no\ntiene acceso a casa propia porque el Gobierno el a\u00f1o 2004 dej\u00f3 de construir\ncasas con pr\u00e9stamo del Banco Estado lo cual significaba cuotas mensuales de 80\nmil pesos y era una soluci\u00f3n real. Se perdi\u00f3 el rumbo y el pa\u00eds debe recup\u00e9ralo\ny ese es, el bien com\u00fan\u201d.<\/p>\n\n\n\n<p>Finalmente la consejera, Roxana Gallardo, fue enf\u00e1tica al\nse\u00f1alar \u201cno nos podemos desconectar de la realidad y lo que est\u00e1 pasando. Hace tiempo\nestamos planteando la necesidad de que exista una priorizaci\u00f3n y de invertir el\ndinero en aquellas cosas que son urgentes para la gente por ejemplo salud, educaci\u00f3n,\nvivienda y otros temas sociales. En ese sentido no podemos seguir aprobando\nproyectos que si bien tienen relevancia en cuanto al crecimiento de la regi\u00f3n, est\u00e1n\ncompletamente desconectados de la realidad. No podemos aprobar plazas cuando est\u00e1n\na la vista&nbsp; tantas otras necesidades\u201d,\nreafirm\u00f3 la consejera Gallardo. <\/p>\n","protected":false},"excerpt":{"rendered":"<p>Con el objetivo de estar presentes en cada territorio y conocer el avance y dificultades de proyectos, el Consejo Regional de Magallanes y de la Ant\u00e1rtica Chilena se reuni\u00f3 este&#8230; <a class=\"read-more\" href=\"https:\/\/www.radiopresidenteibanez.cl\/web\/en-sesion-plenaria-efectuada-en-primavera-core-aprobo-diversas-iniciativas-y-reitero-necesidad-de-establecer-prioridades-sociales-en-materia-de-inversion-publica\/\">Leer m\u00e1s<\/a><\/p>\n","protected":false},"author":2,"featured_media":7932,"comment_status":"closed","ping_status":"closed","sticky":false,"template":"","format":"standard","meta":{"footnotes":""},"categories":[1],"tags":[],"class_list":["post-7931","post","type-post","status-publish","format-standard","has-post-thumbnail","hentry","category-cronica"],"_links":{"self":[{"href":"https:\/\/www.radiopresidenteibanez.cl\/web\/wp-json\/wp\/v2\/posts\/7931","targetHints":{"allow":["GET"]}}],"collection":[{"href":"https:\/\/www.radiopresidenteibanez.cl\/web\/wp-json\/wp\/v2\/posts"}],"about":[{"href":"https:\/\/www.radiopresidenteibanez.cl\/web\/wp-json\/wp\/v2\/types\/post"}],"author":[{"embeddable":true,"href":"https:\/\/www.radiopresidenteibanez.cl\/web\/wp-json\/wp\/v2\/users\/2"}],"replies":[{"embeddable":true,"href":"https:\/\/www.radiopresidenteibanez.cl\/web\/wp-json\/wp\/v2\/comments?post=7931"}],"version-history":[{"count":0,"href":"https:\/\/www.radiopresidenteibanez.cl\/web\/wp-json\/wp\/v2\/posts\/7931\/revisions"}],"wp:featuredmedia":[{"embeddable":true,"href":"https:\/\/www.radiopresidenteibanez.cl\/web\/wp-json\/wp\/v2\/media\/7932"}],"wp:attachment":[{"href":"https:\/\/www.radiopresidenteibanez.cl\/web\/wp-json\/wp\/v2\/media?parent=7931"}],"wp:term":[{"taxonomy":"category","embeddable":true,"href":"https:\/\/www.radiopresidenteibanez.cl\/web\/wp-json\/wp\/v2\/categories?post=7931"},{"taxonomy":"post_tag","embeddable":true,"href":"https:\/\/www.radiopresidenteibanez.cl\/web\/wp-json\/wp\/v2\/tags?post=7931"}],"curies":[{"name":"wp","href":"https:\/\/api.w.org\/{rel}","templated":true}]}}